{"id":7096,"date":"2012-09-21T19:44:50","date_gmt":"2012-09-21T16:44:50","guid":{"rendered":"http:\/\/www.mountainguide.ro\/?p=7096"},"modified":"2025-01-21T15:34:59","modified_gmt":"2025-01-21T13:34:59","slug":"wandertour-in-rumanien-fagaras-piatra-craiului-und-bucegi-gebirge","status":"publish","type":"post","link":"https:\/\/www.mountainguide.ro\/ro\/wandertour-in-rumanien-fagaras-piatra-craiului-und-bucegi-gebirge\/","title":{"rendered":"Wandertour in Rum\u00e4nien, Fagaras, Piatra Craiului und Bucegi Gebirge"},"content":{"rendered":"<img loading=\"lazy\" decoding=\"async\" class=\"size-full wp-image-7103 aligncenter\" title=\"Wandertour in Rum\u00e4nien, Fagaras, Piatra Craiului und Bucegi Gebirge\" alt=\"\" src=\"http:\/\/www.mountainguide.ro\/wp-content\/uploads\/2012\/09\/cover.jpg\" width=\"630\" height=\"472\" \/>\n<div>\n<p>Was macht man, wenn die Fotokamera, die man sehr oft mit viel Begeisterung benutzt, kaputt ist\u2026. Am Anfang f\u00fchlt man sich verloren&#8230;<\/p>\n<p>Ich habe eine \u00dcbung von einem Freund bekommen: Ich sollte bewusst und nur dem Handy fotografieren. Zu diesem Zeitpunkt habe ich Wenke getroffen. Wir sind zusammen in den Berge gewandert und sie hatte auch eine besondere Art zu fotografieren. Sie benutzt nur Dias. Das hat mich an alte Zeiten erinnert. Ebenso dar\u00fcber nachzudenken war sehr gut. Mit Dias, ebenso mit Papierfilmen, musste man sich gut \u00fcberlegen was man fotografiert.<\/p>\n<p>Heutzutage werden Milliarden von digitalen Fotos gemacht. Unsere Tour war eigentlich eine Reflexion\u00fcbung \u00fcber den Umgang mit der Fotokamera.<\/p>\n<p>Ich habe Einiges gelernt, aber es gibt noch vielmehr zu lernen. Und wenn ich meine neue Kamera bekomme, weiss ich und werde versuchen, mit anderen Augen und Gedanken durch die Linse zu schauen.<\/p>\n<\/div>\n<div><strong>Mihai,\u00a0 September 2012<\/strong><\/div>\n<div>Ce se \u00eent\u00e2mpl\u0103 c\u00e2nd aparatul de fotografiat pe care \u00eel folose\u015fti foarte des \u015fi cu pasiune se stric\u0103? La \u00eenceput te sim\u0163i pierdut &#8230;&#8230;..<\/div>\n<div>Am primit din partea unui prieten recomandarea s\u0103 folosesc con\u015ftient doar telefonul pentru a face fotografii. \u00cen acest punct am \u00eent\u00e2lnit-o pe Wenke. Am umblat \u00eempreun\u0103 prin mun\u0163i \u015fi am realizat c\u0103 \u015fi ea fotografiaz\u0103 \u00eentr-o modalitate aparte.Foloste\u015fte doar diapozitive. Asta mi-a amintit de vremuri mai \u00eendep\u0103rtate \u015fi s\u0103 reflectez asupra acestora a fost foarte benefic. \u00cen acele timpuri erai nevoit s\u0103 te g\u00e2nde\u015fti bine ce fotografiezi.<\/div>\n<div>\u00cen zilele noastre c\u00e2nd se fac miliarde de fotografii, consider c\u0103 tura f\u0103cut\u0103 \u00eempreun\u0103 a fost de fapt un exerci\u0163iu de reflexie asupra modului \u00een care aparatul foto trebuie folosit.<\/div>\n<div>Am \u00eenv\u0103\u0163at c\u00e2te ceva dar mai este mult \u015fi c\u00e2nd voi primi noua mea camer\u0103 foto, \u015ftiu c\u0103 voi \u00eencerca s\u0103 privesc cu al\u0163i ochi \u015fi cu alte g\u00e2nduri prin lentila aparatului de fotografiat.<\/div>\n<div><strong>Mihai, 21 Septembrie 2012<\/strong><\/div>\n<div><\/div>\n<div>&#8230; ja, es war eine tolle Woche mit dir als Bergf\u00fchrer. F\u00fcr mich war es eher eine Reflexions\u00fcbung, um den t\u00e4glichen Arbeitsstress etc. aus dem Kopf und auf andere Gedanken zu kommen. Hat tats\u00e4chlich funktioniert, da es f\u00fcr mich schon eine gewisse Anstrengung bedeutet hat. Ich f\u00fchlte mich von dir allerdings nicht unter Druck gesetzt &#8230; im Gegenteil. Den wichtigsten Satz, den ich mitnehmen konnte, lautet: &#8222;Nie den Berg \/ Gipfel mit der bevorstehenden Anstrengung zu sehen und der lange \/ vielleicht unerreichbare Weg dorthin, sondern mit dem bisher Erreichten zufrieden zu sein&#8230;!<\/div>\n<div><strong>Wenke Merkel, Stuttgart, Deutschland<\/strong><\/div>\n<div>\n\n\t\t<style type=\"text\/css\">\n\t\t\t#gallery-1 {\n\t\t\t\tmargin: auto;\n\t\t\t}\n\t\t\t#gallery-1 .gallery-item {\n\t\t\t\tfloat: left;\n\t\t\t\tmargin-top: 10px;\n\t\t\t\ttext-align: center;\n\t\t\t\twidth: 16%;\n\t\t\t}\n\t\t\t#gallery-1 img {\n\t\t\t\tborder: 2px solid #cfcfcf;\n\t\t\t}\n\t\t\t#gallery-1 .gallery-caption {\n\t\t\t\tmargin-left: 0;\n\t\t\t}\n\t\t\t\/* see gallery_shortcode() in wp-includes\/media.php *\/\n\t\t<\/style>\n\t\t<div id='gallery-1' class='gallery galleryid-7096 gallery-columns-6 gallery-size-thumbnail'><dl class='gallery-item'>\n\t\t\t<dt class='gallery-icon landscape'>\n\t\t\t\t<a href='https:\/\/www.mountainguide.ro\/wp-content\/uploads\/2012\/09\/cover.jpg' rel=\"lightbox[7096]\"><img loading=\"lazy\" decoding=\"async\" width=\"100\" height=\"75\" src=\"https:\/\/www.mountainguide.ro\/wp-content\/uploads\/2012\/09\/cover.jpg\" class=\"attachment-thumbnail size-thumbnail\" alt=\"\" \/><\/a>\n\t\t\t<\/dt><\/dl><dl class='gallery-item'>\n\t\t\t<dt class='gallery-icon landscape'>\n\t\t\t\t<a href='https:\/\/www.mountainguide.ro\/wp-content\/uploads\/2012\/09\/wenke-1.jpg' rel=\"lightbox[7096]\"><img loading=\"lazy\" decoding=\"async\" width=\"100\" height=\"100\" src=\"https:\/\/www.mountainguide.ro\/wp-content\/uploads\/2012\/09\/wenke-1-100x100.jpg\" class=\"attachment-thumbnail size-thumbnail\" alt=\"\" \/><\/a>\n\t\t\t<\/dt><\/dl><dl class='gallery-item'>\n\t\t\t<dt class='gallery-icon landscape'>\n\t\t\t\t<a href='https:\/\/www.mountainguide.ro\/wp-content\/uploads\/2012\/09\/wenke-2.jpg' rel=\"lightbox[7096]\"><img loading=\"lazy\" decoding=\"async\" width=\"100\" height=\"100\" src=\"https:\/\/www.mountainguide.ro\/wp-content\/uploads\/2012\/09\/wenke-2-100x100.jpg\" class=\"attachment-thumbnail size-thumbnail\" alt=\"\" \/><\/a>\n\t\t\t<\/dt><\/dl><dl class='gallery-item'>\n\t\t\t<dt class='gallery-icon landscape'>\n\t\t\t\t<a href='https:\/\/www.mountainguide.ro\/wp-content\/uploads\/2012\/09\/wenke-3.jpg' rel=\"lightbox[7096]\"><img loading=\"lazy\" decoding=\"async\" width=\"100\" height=\"100\" src=\"https:\/\/www.mountainguide.ro\/wp-content\/uploads\/2012\/09\/wenke-3-100x100.jpg\" class=\"attachment-thumbnail size-thumbnail\" alt=\"\" \/><\/a>\n\t\t\t<\/dt><\/dl><dl class='gallery-item'>\n\t\t\t<dt class='gallery-icon landscape'>\n\t\t\t\t<a href='https:\/\/www.mountainguide.ro\/wp-content\/uploads\/2012\/09\/wenke-31.jpg' rel=\"lightbox[7096]\"><img loading=\"lazy\" decoding=\"async\" width=\"100\" height=\"100\" src=\"https:\/\/www.mountainguide.ro\/wp-content\/uploads\/2012\/09\/wenke-31-100x100.jpg\" class=\"attachment-thumbnail size-thumbnail\" alt=\"\" \/><\/a>\n\t\t\t<\/dt><\/dl><dl class='gallery-item'>\n\t\t\t<dt class='gallery-icon landscape'>\n\t\t\t\t<a href='https:\/\/www.mountainguide.ro\/wp-content\/uploads\/2012\/09\/wenke-4.jpg' rel=\"lightbox[7096]\"><img loading=\"lazy\" decoding=\"async\" width=\"100\" height=\"100\" src=\"https:\/\/www.mountainguide.ro\/wp-content\/uploads\/2012\/09\/wenke-4-100x100.jpg\" class=\"attachment-thumbnail size-thumbnail\" alt=\"\" \/><\/a>\n\t\t\t<\/dt><\/dl><br style=\"clear: both\" \/><dl class='gallery-item'>\n\t\t\t<dt class='gallery-icon landscape'>\n\t\t\t\t<a href='https:\/\/www.mountainguide.ro\/wp-content\/uploads\/2012\/09\/wenke-5.jpg' rel=\"lightbox[7096]\"><img loading=\"lazy\" decoding=\"async\" width=\"100\" height=\"100\" src=\"https:\/\/www.mountainguide.ro\/wp-content\/uploads\/2012\/09\/wenke-5-100x100.jpg\" class=\"attachment-thumbnail size-thumbnail\" alt=\"\" \/><\/a>\n\t\t\t<\/dt><\/dl><dl class='gallery-item'>\n\t\t\t<dt class='gallery-icon landscape'>\n\t\t\t\t<a href='https:\/\/www.mountainguide.ro\/wp-content\/uploads\/2012\/09\/wenke-6.jpg' rel=\"lightbox[7096]\"><img loading=\"lazy\" decoding=\"async\" width=\"100\" height=\"100\" src=\"https:\/\/www.mountainguide.ro\/wp-content\/uploads\/2012\/09\/wenke-6-100x100.jpg\" class=\"attachment-thumbnail size-thumbnail\" alt=\"\" \/><\/a>\n\t\t\t<\/dt><\/dl><dl class='gallery-item'>\n\t\t\t<dt class='gallery-icon landscape'>\n\t\t\t\t<a href='https:\/\/www.mountainguide.ro\/wp-content\/uploads\/2012\/09\/wenke-7.jpg' rel=\"lightbox[7096]\"><img loading=\"lazy\" decoding=\"async\" width=\"100\" height=\"100\" src=\"https:\/\/www.mountainguide.ro\/wp-content\/uploads\/2012\/09\/wenke-7-100x100.jpg\" class=\"attachment-thumbnail size-thumbnail\" alt=\"\" \/><\/a>\n\t\t\t<\/dt><\/dl><dl class='gallery-item'>\n\t\t\t<dt class='gallery-icon landscape'>\n\t\t\t\t<a href='https:\/\/www.mountainguide.ro\/wp-content\/uploads\/2012\/09\/wenke-8.jpg' rel=\"lightbox[7096]\"><img loading=\"lazy\" decoding=\"async\" width=\"100\" height=\"100\" src=\"https:\/\/www.mountainguide.ro\/wp-content\/uploads\/2012\/09\/wenke-8-100x100.jpg\" class=\"attachment-thumbnail size-thumbnail\" alt=\"\" \/><\/a>\n\t\t\t<\/dt><\/dl><dl class='gallery-item'>\n\t\t\t<dt class='gallery-icon landscape'>\n\t\t\t\t<a href='https:\/\/www.mountainguide.ro\/wp-content\/uploads\/2012\/09\/wenke-9.jpg' rel=\"lightbox[7096]\"><img loading=\"lazy\" decoding=\"async\" width=\"100\" height=\"100\" src=\"https:\/\/www.mountainguide.ro\/wp-content\/uploads\/2012\/09\/wenke-9-100x100.jpg\" class=\"attachment-thumbnail size-thumbnail\" alt=\"\" \/><\/a>\n\t\t\t<\/dt><\/dl><dl class='gallery-item'>\n\t\t\t<dt class='gallery-icon landscape'>\n\t\t\t\t<a href='https:\/\/www.mountainguide.ro\/wp-content\/uploads\/2012\/09\/wenke-10.jpg' rel=\"lightbox[7096]\"><img loading=\"lazy\" decoding=\"async\" width=\"100\" height=\"100\" src=\"https:\/\/www.mountainguide.ro\/wp-content\/uploads\/2012\/09\/wenke-10-100x100.jpg\" class=\"attachment-thumbnail size-thumbnail\" alt=\"\" \/><\/a>\n\t\t\t<\/dt><\/dl><br style=\"clear: both\" \/><dl class='gallery-item'>\n\t\t\t<dt class='gallery-icon landscape'>\n\t\t\t\t<a href='https:\/\/www.mountainguide.ro\/wp-content\/uploads\/2012\/09\/wenke-11.jpg' rel=\"lightbox[7096]\"><img loading=\"lazy\" decoding=\"async\" width=\"100\" height=\"100\" src=\"https:\/\/www.mountainguide.ro\/wp-content\/uploads\/2012\/09\/wenke-11-100x100.jpg\" class=\"attachment-thumbnail size-thumbnail\" alt=\"\" \/><\/a>\n\t\t\t<\/dt><\/dl><dl class='gallery-item'>\n\t\t\t<dt class='gallery-icon landscape'>\n\t\t\t\t<a href='https:\/\/www.mountainguide.ro\/wp-content\/uploads\/2012\/09\/wenke-12.jpg' rel=\"lightbox[7096]\"><img loading=\"lazy\" decoding=\"async\" width=\"100\" height=\"100\" src=\"https:\/\/www.mountainguide.ro\/wp-content\/uploads\/2012\/09\/wenke-12-100x100.jpg\" class=\"attachment-thumbnail size-thumbnail\" alt=\"\" \/><\/a>\n\t\t\t<\/dt><\/dl><dl class='gallery-item'>\n\t\t\t<dt class='gallery-icon landscape'>\n\t\t\t\t<a href='https:\/\/www.mountainguide.ro\/wp-content\/uploads\/2012\/09\/wenke-13.jpg' rel=\"lightbox[7096]\"><img loading=\"lazy\" decoding=\"async\" width=\"100\" height=\"100\" src=\"https:\/\/www.mountainguide.ro\/wp-content\/uploads\/2012\/09\/wenke-13-100x100.jpg\" class=\"attachment-thumbnail size-thumbnail\" alt=\"\" \/><\/a>\n\t\t\t<\/dt><\/dl><dl class='gallery-item'>\n\t\t\t<dt class='gallery-icon landscape'>\n\t\t\t\t<a href='https:\/\/www.mountainguide.ro\/wp-content\/uploads\/2012\/09\/wenke-14.jpg' rel=\"lightbox[7096]\"><img loading=\"lazy\" decoding=\"async\" width=\"100\" height=\"100\" src=\"https:\/\/www.mountainguide.ro\/wp-content\/uploads\/2012\/09\/wenke-14-100x100.jpg\" class=\"attachment-thumbnail size-thumbnail\" alt=\"\" \/><\/a>\n\t\t\t<\/dt><\/dl><dl class='gallery-item'>\n\t\t\t<dt class='gallery-icon landscape'>\n\t\t\t\t<a href='https:\/\/www.mountainguide.ro\/wp-content\/uploads\/2012\/09\/wenke-15.jpg' rel=\"lightbox[7096]\"><img loading=\"lazy\" decoding=\"async\" width=\"100\" height=\"100\" src=\"https:\/\/www.mountainguide.ro\/wp-content\/uploads\/2012\/09\/wenke-15-100x100.jpg\" class=\"attachment-thumbnail size-thumbnail\" alt=\"\" \/><\/a>\n\t\t\t<\/dt><\/dl><dl class='gallery-item'>\n\t\t\t<dt class='gallery-icon landscape'>\n\t\t\t\t<a href='https:\/\/www.mountainguide.ro\/wp-content\/uploads\/2012\/09\/wenke-16.jpg' rel=\"lightbox[7096]\"><img loading=\"lazy\" decoding=\"async\" width=\"100\" height=\"100\" src=\"https:\/\/www.mountainguide.ro\/wp-content\/uploads\/2012\/09\/wenke-16-100x100.jpg\" class=\"attachment-thumbnail size-thumbnail\" alt=\"\" \/><\/a>\n\t\t\t<\/dt><\/dl><br style=\"clear: both\" \/><dl class='gallery-item'>\n\t\t\t<dt class='gallery-icon landscape'>\n\t\t\t\t<a href='https:\/\/www.mountainguide.ro\/wp-content\/uploads\/2012\/09\/wenke-18.jpg' rel=\"lightbox[7096]\"><img loading=\"lazy\" decoding=\"async\" width=\"100\" height=\"100\" src=\"https:\/\/www.mountainguide.ro\/wp-content\/uploads\/2012\/09\/wenke-18-100x100.jpg\" class=\"attachment-thumbnail size-thumbnail\" alt=\"\" \/><\/a>\n\t\t\t<\/dt><\/dl><dl class='gallery-item'>\n\t\t\t<dt class='gallery-icon landscape'>\n\t\t\t\t<a href='https:\/\/www.mountainguide.ro\/wp-content\/uploads\/2012\/09\/wenke-19.jpg' rel=\"lightbox[7096]\"><img loading=\"lazy\" decoding=\"async\" width=\"100\" height=\"100\" src=\"https:\/\/www.mountainguide.ro\/wp-content\/uploads\/2012\/09\/wenke-19-100x100.jpg\" class=\"attachment-thumbnail size-thumbnail\" alt=\"\" \/><\/a>\n\t\t\t<\/dt><\/dl><dl class='gallery-item'>\n\t\t\t<dt class='gallery-icon landscape'>\n\t\t\t\t<a href='https:\/\/www.mountainguide.ro\/wp-content\/uploads\/2012\/09\/wenke-20.jpg' rel=\"lightbox[7096]\"><img loading=\"lazy\" decoding=\"async\" width=\"100\" height=\"100\" src=\"https:\/\/www.mountainguide.ro\/wp-content\/uploads\/2012\/09\/wenke-20-100x100.jpg\" class=\"attachment-thumbnail size-thumbnail\" alt=\"\" \/><\/a>\n\t\t\t<\/dt><\/dl><dl class='gallery-item'>\n\t\t\t<dt class='gallery-icon landscape'>\n\t\t\t\t<a href='https:\/\/www.mountainguide.ro\/wp-content\/uploads\/2012\/09\/wenke-21.jpg' rel=\"lightbox[7096]\"><img loading=\"lazy\" decoding=\"async\" width=\"100\" height=\"100\" src=\"https:\/\/www.mountainguide.ro\/wp-content\/uploads\/2012\/09\/wenke-21-100x100.jpg\" class=\"attachment-thumbnail size-thumbnail\" alt=\"\" \/><\/a>\n\t\t\t<\/dt><\/dl><dl class='gallery-item'>\n\t\t\t<dt class='gallery-icon landscape'>\n\t\t\t\t<a href='https:\/\/www.mountainguide.ro\/wp-content\/uploads\/2012\/09\/wenke-24.jpg' rel=\"lightbox[7096]\"><img loading=\"lazy\" decoding=\"async\" width=\"100\" height=\"100\" src=\"https:\/\/www.mountainguide.ro\/wp-content\/uploads\/2012\/09\/wenke-24-100x100.jpg\" class=\"attachment-thumbnail size-thumbnail\" alt=\"\" \/><\/a>\n\t\t\t<\/dt><\/dl><dl class='gallery-item'>\n\t\t\t<dt class='gallery-icon landscape'>\n\t\t\t\t<a href='https:\/\/www.mountainguide.ro\/wp-content\/uploads\/2012\/09\/wenke-25.jpg' rel=\"lightbox[7096]\"><img loading=\"lazy\" decoding=\"async\" width=\"100\" height=\"100\" src=\"https:\/\/www.mountainguide.ro\/wp-content\/uploads\/2012\/09\/wenke-25-100x100.jpg\" class=\"attachment-thumbnail size-thumbnail\" alt=\"\" \/><\/a>\n\t\t\t<\/dt><\/dl><br style=\"clear: both\" \/><dl class='gallery-item'>\n\t\t\t<dt class='gallery-icon landscape'>\n\t\t\t\t<a href='https:\/\/www.mountainguide.ro\/wp-content\/uploads\/2012\/09\/wenke-26.jpg' rel=\"lightbox[7096]\"><img loading=\"lazy\" decoding=\"async\" width=\"100\" height=\"100\" src=\"https:\/\/www.mountainguide.ro\/wp-content\/uploads\/2012\/09\/wenke-26-100x100.jpg\" class=\"attachment-thumbnail size-thumbnail\" alt=\"\" \/><\/a>\n\t\t\t<\/dt><\/dl><dl class='gallery-item'>\n\t\t\t<dt class='gallery-icon landscape'>\n\t\t\t\t<a href='https:\/\/www.mountainguide.ro\/wp-content\/uploads\/2012\/09\/wenke-27.jpg' rel=\"lightbox[7096]\"><img loading=\"lazy\" decoding=\"async\" width=\"100\" height=\"100\" src=\"https:\/\/www.mountainguide.ro\/wp-content\/uploads\/2012\/09\/wenke-27-100x100.jpg\" class=\"attachment-thumbnail size-thumbnail\" alt=\"\" \/><\/a>\n\t\t\t<\/dt><\/dl><dl class='gallery-item'>\n\t\t\t<dt class='gallery-icon landscape'>\n\t\t\t\t<a href='https:\/\/www.mountainguide.ro\/wp-content\/uploads\/2012\/09\/wenke-28.jpg' rel=\"lightbox[7096]\"><img loading=\"lazy\" decoding=\"async\" width=\"100\" height=\"100\" src=\"https:\/\/www.mountainguide.ro\/wp-content\/uploads\/2012\/09\/wenke-28-100x100.jpg\" class=\"attachment-thumbnail size-thumbnail\" alt=\"\" \/><\/a>\n\t\t\t<\/dt><\/dl><dl class='gallery-item'>\n\t\t\t<dt class='gallery-icon landscape'>\n\t\t\t\t<a href='https:\/\/www.mountainguide.ro\/wp-content\/uploads\/2012\/09\/wenke-30.jpg' rel=\"lightbox[7096]\"><img loading=\"lazy\" decoding=\"async\" width=\"100\" height=\"100\" src=\"https:\/\/www.mountainguide.ro\/wp-content\/uploads\/2012\/09\/wenke-30-100x100.jpg\" class=\"attachment-thumbnail size-thumbnail\" alt=\"\" \/><\/a>\n\t\t\t<\/dt><\/dl><dl class='gallery-item'>\n\t\t\t<dt class='gallery-icon landscape'>\n\t\t\t\t<a href='https:\/\/www.mountainguide.ro\/wp-content\/uploads\/2012\/09\/wenke-311.jpg' rel=\"lightbox[7096]\"><img loading=\"lazy\" decoding=\"async\" width=\"100\" height=\"100\" src=\"https:\/\/www.mountainguide.ro\/wp-content\/uploads\/2012\/09\/wenke-311-100x100.jpg\" class=\"attachment-thumbnail size-thumbnail\" alt=\"\" \/><\/a>\n\t\t\t<\/dt><\/dl><dl class='gallery-item'>\n\t\t\t<dt class='gallery-icon landscape'>\n\t\t\t\t<a href='https:\/\/www.mountainguide.ro\/wp-content\/uploads\/2012\/09\/wenke-32.jpg' rel=\"lightbox[7096]\"><img loading=\"lazy\" decoding=\"async\" width=\"100\" height=\"100\" src=\"https:\/\/www.mountainguide.ro\/wp-content\/uploads\/2012\/09\/wenke-32-100x100.jpg\" class=\"attachment-thumbnail size-thumbnail\" alt=\"\" \/><\/a>\n\t\t\t<\/dt><\/dl><br style=\"clear: both\" \/><dl class='gallery-item'>\n\t\t\t<dt class='gallery-icon landscape'>\n\t\t\t\t<a href='https:\/\/www.mountainguide.ro\/wp-content\/uploads\/2012\/09\/wenke-33.jpg' rel=\"lightbox[7096]\"><img loading=\"lazy\" decoding=\"async\" width=\"100\" height=\"100\" src=\"https:\/\/www.mountainguide.ro\/wp-content\/uploads\/2012\/09\/wenke-33-100x100.jpg\" class=\"attachment-thumbnail size-thumbnail\" alt=\"\" \/><\/a>\n\t\t\t<\/dt><\/dl><dl class='gallery-item'>\n\t\t\t<dt class='gallery-icon landscape'>\n\t\t\t\t<a href='https:\/\/www.mountainguide.ro\/wp-content\/uploads\/2012\/09\/wenke-35.jpg' rel=\"lightbox[7096]\"><img loading=\"lazy\" decoding=\"async\" width=\"100\" height=\"100\" src=\"https:\/\/www.mountainguide.ro\/wp-content\/uploads\/2012\/09\/wenke-35-100x100.jpg\" class=\"attachment-thumbnail size-thumbnail\" alt=\"\" \/><\/a>\n\t\t\t<\/dt><\/dl><dl class='gallery-item'>\n\t\t\t<dt class='gallery-icon landscape'>\n\t\t\t\t<a href='https:\/\/www.mountainguide.ro\/wp-content\/uploads\/2012\/09\/wenke-36.jpg' rel=\"lightbox[7096]\"><img loading=\"lazy\" decoding=\"async\" width=\"100\" height=\"100\" src=\"https:\/\/www.mountainguide.ro\/wp-content\/uploads\/2012\/09\/wenke-36-100x100.jpg\" class=\"attachment-thumbnail size-thumbnail\" alt=\"\" \/><\/a>\n\t\t\t<\/dt><\/dl><dl class='gallery-item'>\n\t\t\t<dt class='gallery-icon landscape'>\n\t\t\t\t<a href='https:\/\/www.mountainguide.ro\/wp-content\/uploads\/2012\/09\/wenke-37.jpg' rel=\"lightbox[7096]\"><img loading=\"lazy\" decoding=\"async\" width=\"100\" height=\"100\" src=\"https:\/\/www.mountainguide.ro\/wp-content\/uploads\/2012\/09\/wenke-37-100x100.jpg\" class=\"attachment-thumbnail size-thumbnail\" alt=\"\" \/><\/a>\n\t\t\t<\/dt><\/dl>\n\t\t\t<br style='clear: both' \/>\n\t\t<\/div>\n\n<\/div>\n","protected":false},"excerpt":{"rendered":"<p>Was macht man, wenn die Fotokamera, die man sehr oft mit viel Begeisterung benutzt, kaputt ist\u2026. Am Anfang f\u00fchlt man sich verloren&#8230; Ich habe eine \u00dcbung von einem Freund bekommen: Ich sollte bewusst und nur dem Handy fotografieren. Zu diesem Zeitpunkt habe ich Wenke getroffen. Wir sind zusammen in den Berge gewandert und sie hatte&#8230;  <a class=\"excerpt-read-more\" href=\"https:\/\/www.mountainguide.ro\/ro\/wandertour-in-rumanien-fagaras-piatra-craiului-und-bucegi-gebirge\/\" title=\"Read Wandertour in Rum\u00e4nien, Fagaras, Piatra Craiului und Bucegi Gebirge\">Cite\u0219te mai mult &raquo;<\/a><\/p>\n","protected":false},"author":3,"featured_media":7103,"comment_status":"closed","ping_status":"closed","sticky":false,"template":"","format":"standard","meta":{"footnotes":""},"categories":[1,567],"tags":[367,98,16,364,366,30,11,9,42,368,73,61,365],"class_list":["post-7096","post","type-post","status-publish","format-standard","has-post-thumbnail","hentry","category-latest-tours","category-trail","tag-besuch-ucea-de-sus-dorf","tag-bran","tag-bucegi","tag-curmatura-huette","tag-die-erkundung-der-karpaten-garten-mit-einem-privaten-bergfuhrer","tag-fagaras","tag-moeciu-de-sus","tag-piatra-craiului","tag-podragu","tag-sud-ost-teil-von-siebenburgen","tag-ucea-de-sus","tag-wandern","tag-wandertour-in-rumanien"],"yoast_head":"<!-- This site is optimized with the Yoast SEO plugin v27.5 - https:\/\/yoast.com\/product\/yoast-seo-wordpress\/ -->\n<title>Wandertour in Rum\u00e4nien, Fagaras, Piatra Craiului und Bucegi Gebirge<\/title>\n<meta name=\"robots\" content=\"index, follow, max-snippet:-1, max-image-preview:large, max-video-preview:-1\" \/>\n<link rel=\"canonical\" href=\"https:\/\/www.mountainguide.ro\/ro\/?p=7096\" \/>\n<meta property=\"og:locale\" content=\"ro_RO\" \/>\n<meta property=\"og:type\" content=\"article\" \/>\n<meta property=\"og:title\" content=\"Wandertour in Rum\u00e4nien, Fagaras, Piatra Craiului und Bucegi Gebirge\" \/>\n<meta property=\"og:description\" content=\"Was macht man, wenn die Fotokamera, die man sehr oft mit viel Begeisterung benutzt, kaputt ist\u2026. Am Anfang f\u00fchlt man sich verloren&#8230; Ich habe eine \u00dcbung von einem Freund bekommen: Ich sollte bewusst und nur dem Handy fotografieren. Zu diesem Zeitpunkt habe ich Wenke getroffen. Wir sind zusammen in den Berge gewandert und sie hatte... Cite\u0219te mai mult &raquo;\" \/>\n<meta property=\"og:url\" content=\"http:\/\/www.mountainguide.ro\/ro\/?p=7096\" \/>\n<meta property=\"og:site_name\" content=\"Ghid montan\" \/>\n<meta property=\"article:publisher\" content=\"https:\/\/www.facebook.com\/mountainguide.ro\/\" \/>\n<meta property=\"article:published_time\" content=\"2012-09-21T16:44:50+00:00\" \/>\n<meta property=\"article:modified_time\" content=\"2025-01-21T13:34:59+00:00\" \/>\n<meta property=\"og:image\" content=\"https:\/\/www.mountainguide.ro\/wp-content\/uploads\/2012\/09\/cover.jpg\" \/>\n\t<meta property=\"og:image:width\" content=\"630\" \/>\n\t<meta property=\"og:image:height\" content=\"472\" \/>\n\t<meta property=\"og:image:type\" content=\"image\/jpeg\" \/>\n<meta name=\"author\" content=\"Iulian Cozma\" \/>\n<meta name=\"twitter:card\" content=\"summary_large_image\" \/>\n<meta name=\"twitter:label1\" content=\"Scris de\" \/>\n\t<meta name=\"twitter:data1\" content=\"Iulian Cozma\" \/>\n\t<meta name=\"twitter:label2\" content=\"Timp estimat pentru citire\" \/>\n\t<meta name=\"twitter:data2\" content=\"2 minute\" \/>\n<script type=\"application\/ld+json\" class=\"yoast-schema-graph\">{\"@context\":\"https:\\\/\\\/schema.org\",\"@graph\":[{\"@type\":\"Article\",\"@id\":\"https:\\\/\\\/www.mountainguide.ro\\\/en\\\/?p=7096#article\",\"isPartOf\":{\"@id\":\"https:\\\/\\\/www.mountainguide.ro\\\/en\\\/?p=7096\"},\"author\":{\"name\":\"Iulian Cozma\",\"@id\":\"https:\\\/\\\/www.mountainguide.ro\\\/en\\\/#\\\/schema\\\/person\\\/18a7fc93eec8ec6c3ddbc26bbe2ad443\"},\"headline\":\"Wandertour in Rum\u00e4nien, Fagaras, Piatra Craiului und Bucegi Gebirge\",\"datePublished\":\"2012-09-21T16:44:50+00:00\",\"dateModified\":\"2025-01-21T13:34:59+00:00\",\"mainEntityOfPage\":{\"@id\":\"https:\\\/\\\/www.mountainguide.ro\\\/en\\\/?p=7096\"},\"wordCount\":439,\"image\":{\"@id\":\"https:\\\/\\\/www.mountainguide.ro\\\/en\\\/?p=7096#primaryimage\"},\"thumbnailUrl\":\"https:\\\/\\\/www.mountainguide.ro\\\/wp-content\\\/uploads\\\/2012\\\/09\\\/cover.jpg\",\"keywords\":[\"Besuch Ucea de Sus Dorf\",\"bran\",\"bucegi\",\"curmatura huette\",\"die Erkundung der Karpaten Garten mit einem privaten Bergf\u00fchrer\",\"fagaras\",\"moeciu de sus\",\"piatra craiului\",\"podragu\",\"S\u00fcd-Ost-Teil von Siebenb\u00fcrgen\",\"ucea de sus\",\"wandern\",\"Wandertour in Rum\u00e4nien\"],\"articleSection\":[\"Latest tours\",\"trail\"],\"inLanguage\":\"ro-RO\"},{\"@type\":\"WebPage\",\"@id\":\"https:\\\/\\\/www.mountainguide.ro\\\/ro\\\/?p=7096\",\"url\":\"https:\\\/\\\/www.mountainguide.ro\\\/ro\\\/?p=7096\",\"name\":\"Wandertour in Rum\u00e4nien, Fagaras, Piatra Craiului und Bucegi Gebirge\",\"isPartOf\":{\"@id\":\"https:\\\/\\\/www.mountainguide.ro\\\/ro\\\/#website\"},\"primaryImageOfPage\":{\"@id\":\"https:\\\/\\\/www.mountainguide.ro\\\/ro\\\/?p=7096#primaryimage\"},\"image\":{\"@id\":\"https:\\\/\\\/www.mountainguide.ro\\\/en\\\/?p=7096#primaryimage\"},\"thumbnailUrl\":\"https:\\\/\\\/www.mountainguide.ro\\\/wp-content\\\/uploads\\\/2012\\\/09\\\/cover.jpg\",\"datePublished\":\"2012-09-21T16:44:50+00:00\",\"dateModified\":\"2025-01-21T13:34:59+00:00\",\"author\":{\"@id\":\"https:\\\/\\\/www.mountainguide.ro\\\/en\\\/#\\\/schema\\\/person\\\/18a7fc93eec8ec6c3ddbc26bbe2ad443\"},\"breadcrumb\":{\"@id\":\"https:\\\/\\\/www.mountainguide.ro\\\/ro\\\/?p=7096#breadcrumb\"},\"inLanguage\":\"ro-RO\",\"potentialAction\":[{\"@type\":\"ReadAction\",\"target\":[[\"https:\\\/\\\/www.mountainguide.ro\\\/ro\\\/?p=7096\"]]}]},{\"@type\":\"ImageObject\",\"inLanguage\":\"ro-RO\",\"@id\":\"https:\\\/\\\/www.mountainguide.ro\\\/ro\\\/?p=7096#primaryimage\",\"url\":\"https:\\\/\\\/www.mountainguide.ro\\\/wp-content\\\/uploads\\\/2012\\\/09\\\/cover.jpg\",\"contentUrl\":\"https:\\\/\\\/www.mountainguide.ro\\\/wp-content\\\/uploads\\\/2012\\\/09\\\/cover.jpg\",\"width\":630,\"height\":472},{\"@type\":\"BreadcrumbList\",\"@id\":\"https:\\\/\\\/www.mountainguide.ro\\\/ro\\\/?p=7096#breadcrumb\",\"itemListElement\":[{\"@type\":\"ListItem\",\"position\":1,\"name\":\"Home\",\"item\":\"https:\\\/\\\/www.mountainguide.ro\\\/ro\\\/\"},{\"@type\":\"ListItem\",\"position\":2,\"name\":\"Wandertour in Rum\u00e4nien, Fagaras, Piatra Craiului und Bucegi Gebirge\"}]},{\"@type\":\"WebSite\",\"@id\":\"https:\\\/\\\/www.mountainguide.ro\\\/ro\\\/#website\",\"url\":\"https:\\\/\\\/www.mountainguide.ro\\\/ro\\\/\",\"name\":\"Ghid montan\",\"description\":\"Drumetii montane, schi de tura, ture cu bicicleta \u00een Rom\u00e2nia\",\"potentialAction\":[{\"@type\":\"SearchAction\",\"target\":{\"@type\":\"EntryPoint\",\"urlTemplate\":\"https:\\\/\\\/www.mountainguide.ro\\\/ro\\\/?s={search_term_string}\"},\"query-input\":{\"@type\":\"PropertyValueSpecification\",\"valueRequired\":true,\"valueName\":\"search_term_string\"}}],\"inLanguage\":\"ro-RO\"},{\"@type\":\"Person\",\"@id\":\"https:\\\/\\\/www.mountainguide.ro\\\/en\\\/#\\\/schema\\\/person\\\/18a7fc93eec8ec6c3ddbc26bbe2ad443\",\"name\":\"Iulian Cozma\",\"sameAs\":[\"http:\\\/\\\/www.mountainguide.ro\"],\"url\":\"https:\\\/\\\/www.mountainguide.ro\\\/ro\\\/author\\\/iulica\\\/\"}]}<\/script>\n<!-- \/ Yoast SEO plugin. -->","yoast_head_json":{"title":"Wandertour in Rum\u00e4nien, Fagaras, Piatra Craiului und Bucegi Gebirge","robots":{"index":"index","follow":"follow","max-snippet":"max-snippet:-1","max-image-preview":"max-image-preview:large","max-video-preview":"max-video-preview:-1"},"canonical":"https:\/\/www.mountainguide.ro\/ro\/?p=7096","og_locale":"ro_RO","og_type":"article","og_title":"Wandertour in Rum\u00e4nien, Fagaras, Piatra Craiului und Bucegi Gebirge","og_description":"Was macht man, wenn die Fotokamera, die man sehr oft mit viel Begeisterung benutzt, kaputt ist\u2026. Am Anfang f\u00fchlt man sich verloren&#8230; Ich habe eine \u00dcbung von einem Freund bekommen: Ich sollte bewusst und nur dem Handy fotografieren. Zu diesem Zeitpunkt habe ich Wenke getroffen. Wir sind zusammen in den Berge gewandert und sie hatte... Cite\u0219te mai mult &raquo;","og_url":"http:\/\/www.mountainguide.ro\/ro\/?p=7096","og_site_name":"Ghid montan","article_publisher":"https:\/\/www.facebook.com\/mountainguide.ro\/","article_published_time":"2012-09-21T16:44:50+00:00","article_modified_time":"2025-01-21T13:34:59+00:00","og_image":[{"width":630,"height":472,"url":"https:\/\/www.mountainguide.ro\/wp-content\/uploads\/2012\/09\/cover.jpg","type":"image\/jpeg"}],"author":"Iulian Cozma","twitter_card":"summary_large_image","twitter_misc":{"Scris de":"Iulian Cozma","Timp estimat pentru citire":"2 minute"},"schema":{"@context":"https:\/\/schema.org","@graph":[{"@type":"Article","@id":"https:\/\/www.mountainguide.ro\/en\/?p=7096#article","isPartOf":{"@id":"https:\/\/www.mountainguide.ro\/en\/?p=7096"},"author":{"name":"Iulian Cozma","@id":"https:\/\/www.mountainguide.ro\/en\/#\/schema\/person\/18a7fc93eec8ec6c3ddbc26bbe2ad443"},"headline":"Wandertour in Rum\u00e4nien, Fagaras, Piatra Craiului und Bucegi Gebirge","datePublished":"2012-09-21T16:44:50+00:00","dateModified":"2025-01-21T13:34:59+00:00","mainEntityOfPage":{"@id":"https:\/\/www.mountainguide.ro\/en\/?p=7096"},"wordCount":439,"image":{"@id":"https:\/\/www.mountainguide.ro\/en\/?p=7096#primaryimage"},"thumbnailUrl":"https:\/\/www.mountainguide.ro\/wp-content\/uploads\/2012\/09\/cover.jpg","keywords":["Besuch Ucea de Sus Dorf","bran","bucegi","curmatura huette","die Erkundung der Karpaten Garten mit einem privaten Bergf\u00fchrer","fagaras","moeciu de sus","piatra craiului","podragu","S\u00fcd-Ost-Teil von Siebenb\u00fcrgen","ucea de sus","wandern","Wandertour in Rum\u00e4nien"],"articleSection":["Latest tours","trail"],"inLanguage":"ro-RO"},{"@type":"WebPage","@id":"https:\/\/www.mountainguide.ro\/ro\/?p=7096","url":"https:\/\/www.mountainguide.ro\/ro\/?p=7096","name":"Wandertour in Rum\u00e4nien, Fagaras, Piatra Craiului und Bucegi Gebirge","isPartOf":{"@id":"https:\/\/www.mountainguide.ro\/ro\/#website"},"primaryImageOfPage":{"@id":"https:\/\/www.mountainguide.ro\/ro\/?p=7096#primaryimage"},"image":{"@id":"https:\/\/www.mountainguide.ro\/en\/?p=7096#primaryimage"},"thumbnailUrl":"https:\/\/www.mountainguide.ro\/wp-content\/uploads\/2012\/09\/cover.jpg","datePublished":"2012-09-21T16:44:50+00:00","dateModified":"2025-01-21T13:34:59+00:00","author":{"@id":"https:\/\/www.mountainguide.ro\/en\/#\/schema\/person\/18a7fc93eec8ec6c3ddbc26bbe2ad443"},"breadcrumb":{"@id":"https:\/\/www.mountainguide.ro\/ro\/?p=7096#breadcrumb"},"inLanguage":"ro-RO","potentialAction":[{"@type":"ReadAction","target":[["https:\/\/www.mountainguide.ro\/ro\/?p=7096"]]}]},{"@type":"ImageObject","inLanguage":"ro-RO","@id":"https:\/\/www.mountainguide.ro\/ro\/?p=7096#primaryimage","url":"https:\/\/www.mountainguide.ro\/wp-content\/uploads\/2012\/09\/cover.jpg","contentUrl":"https:\/\/www.mountainguide.ro\/wp-content\/uploads\/2012\/09\/cover.jpg","width":630,"height":472},{"@type":"BreadcrumbList","@id":"https:\/\/www.mountainguide.ro\/ro\/?p=7096#breadcrumb","itemListElement":[{"@type":"ListItem","position":1,"name":"Home","item":"https:\/\/www.mountainguide.ro\/ro\/"},{"@type":"ListItem","position":2,"name":"Wandertour in Rum\u00e4nien, Fagaras, Piatra Craiului und Bucegi Gebirge"}]},{"@type":"WebSite","@id":"https:\/\/www.mountainguide.ro\/ro\/#website","url":"https:\/\/www.mountainguide.ro\/ro\/","name":"Ghid montan","description":"Drumetii montane, schi de tura, ture cu bicicleta \u00een Rom\u00e2nia","potentialAction":[{"@type":"SearchAction","target":{"@type":"EntryPoint","urlTemplate":"https:\/\/www.mountainguide.ro\/ro\/?s={search_term_string}"},"query-input":{"@type":"PropertyValueSpecification","valueRequired":true,"valueName":"search_term_string"}}],"inLanguage":"ro-RO"},{"@type":"Person","@id":"https:\/\/www.mountainguide.ro\/en\/#\/schema\/person\/18a7fc93eec8ec6c3ddbc26bbe2ad443","name":"Iulian Cozma","sameAs":["http:\/\/www.mountainguide.ro"],"url":"https:\/\/www.mountainguide.ro\/ro\/author\/iulica\/"}]}},"_links":{"self":[{"href":"https:\/\/www.mountainguide.ro\/ro\/wp-json\/wp\/v2\/posts\/7096","targetHints":{"allow":["GET"]}}],"collection":[{"href":"https:\/\/www.mountainguide.ro\/ro\/wp-json\/wp\/v2\/posts"}],"about":[{"href":"https:\/\/www.mountainguide.ro\/ro\/wp-json\/wp\/v2\/types\/post"}],"author":[{"embeddable":true,"href":"https:\/\/www.mountainguide.ro\/ro\/wp-json\/wp\/v2\/users\/3"}],"replies":[{"embeddable":true,"href":"https:\/\/www.mountainguide.ro\/ro\/wp-json\/wp\/v2\/comments?post=7096"}],"version-history":[{"count":3,"href":"https:\/\/www.mountainguide.ro\/ro\/wp-json\/wp\/v2\/posts\/7096\/revisions"}],"predecessor-version":[{"id":9635,"href":"https:\/\/www.mountainguide.ro\/ro\/wp-json\/wp\/v2\/posts\/7096\/revisions\/9635"}],"wp:featuredmedia":[{"embeddable":true,"href":"https:\/\/www.mountainguide.ro\/ro\/wp-json\/wp\/v2\/media\/7103"}],"wp:attachment":[{"href":"https:\/\/www.mountainguide.ro\/ro\/wp-json\/wp\/v2\/media?parent=7096"}],"wp:term":[{"taxonomy":"category","embeddable":true,"href":"https:\/\/www.mountainguide.ro\/ro\/wp-json\/wp\/v2\/categories?post=7096"},{"taxonomy":"post_tag","embeddable":true,"href":"https:\/\/www.mountainguide.ro\/ro\/wp-json\/wp\/v2\/tags?post=7096"}],"curies":[{"name":"wp","href":"https:\/\/api.w.org\/{rel}","templated":true}]}}