{"id":12957,"date":"2016-08-12T11:38:30","date_gmt":"2016-08-12T08:38:30","guid":{"rendered":"http:\/\/www.mountainguide.ro\/?p=12957"},"modified":"2025-01-21T15:34:39","modified_gmt":"2025-01-21T13:34:39","slug":"mon-pere-adorait-les-carpartes","status":"publish","type":"post","link":"https:\/\/www.mountainguide.ro\/ro\/mon-pere-adorait-les-carpartes\/","title":{"rendered":"Mon p\u00e8re adorait les Carpartes"},"content":{"rendered":"<p>Curieuse d\u2019apprendre plus sur la r\u00e9gion o\u00f9 mon p\u00e8re a grandi, je voyageais une deuxi\u00e8me fois en Transylvanie, cette fois ci avec mon conjoint qui adore les montagnes et les aventures.<br \/>\nJ\u2019ai contact\u00e9 Iulian pour demander de l\u2019aide car pour moi c\u2019\u00e9tait la premi\u00e8re fois que je faisais une randonn\u00e9e dans la montagne. Il a propos\u00e9 un tour de 3 jours. Nous avons pass\u00e9 10 jours en Transylvanie avec la famille et des amis de Boi\u021ba. Puis le jour du depart \u00e0 la montagne est arriv\u00e9.<br \/>\nHoria est venu nous chercher \u00e0 Boi\u021ba pour aller \u00e0 Avrig o\u00f9 nous avons laiss\u00e9 la voiture. Nous avons commenc\u00e9 d\u2019escalader par la magnifique for\u00eat jusqu\u2019\u00e0 la Cabana B\u00e2rcaciu. Le contact avec Horia a \u00e9t\u00e9 agr\u00e9able et rassurant. Arriv\u00e9 \u00e0 la cabane nous avons \u00e9t\u00e9 g\u00e2t\u00e9 avec des d\u00e9licieux sandwiches. Puis nous avons explor\u00e9 la r\u00e9gion autour de la cabane. Un paradis de myrtilles !!!! Oubliez les myrtilles que vous avez d\u00e9j\u00e0 d\u00e9gust\u00e9es\u2026 ceux de l\u00e0 bas sont plus grosses, plus sucr\u00e9es\u2026 tout simplement les meilleures!<br \/>\nLe d\u00eener a \u00e9t\u00e9 pr\u00e9par\u00e9 avec soin, tr\u00e8s d\u00e9licieux. Bon, nous avons bien eu besoin des calories pour les jours suivants\u2026 Nous sommes partis apr\u00e8s le petit d\u00e9jeuner, encore une fois on \u00e9tait bien g\u00e2t\u00e9 (la confiture aux myrtilles, fait maison\u2026un r\u00eave!)\u2026 8 heures de marche, bon j\u2019avoue d\u2019avoir ralentie les gar\u00e7ons car j\u2019ai du m\u2019arr\u00eater souvent pour admirer la vue et pour prendre des photos. Horia a profit\u00e9 de ces moments pour cueillir des bolets- tellement aromatique et grand- je me suis sentie comme dans un compte de f\u00e9es.<br \/>\nNous sommes mont\u00e9s jusqu\u2019au lac Avrig, avons fait le tour de la pointe Scara et via le plateau Sc\u0103ri\u0219oarei nous sommes rentr\u00e9s \u00e0 la cabane B\u00e2rcaciu. Le jour suivant Horia nous a guid\u00e9 sur l\u2019autre c\u00f4t\u00e9 du plateau Sc\u0103ri\u0219oarei. Le mot du jour a \u00e9t\u00e9 \u201cwaouh\u2026\u201d c\u2019\u00e9tait simplement \u00e9patant, grandiose, impressionnant, un plaisir, \u00e9puisant\u2026 une exp\u00e9rience formidable.<br \/>\nLa randonn\u00e9e, le paysage, le pilotage, tout a d\u00e9pass\u00e9 nos attentes. \u00c0 ne pas oublier le ciel nocturne\u2026 toutes ces \u00e9toiles, m\u00eame la voie lact\u00e9e si brillante.<br \/>\nNous remercions Horia pour tout ces moments splendides, son conseil fortement appr\u00e9ci\u00e9 et son aide dans les moments compliqu\u00e9s. Un grand merci va aussi \u00e0 la \u201cfamille B\u00e2rcaciu\u201d pour l\u2019h\u00e9bergement et la bonne nourriture.<br \/>\nJe suis heureuse d\u2019avoir vu un autre coin du pays bien aim\u00e9 de mon papa avec ses gens chaleureux. Tout cela sera toujours une part de moi et je suis impatiente de retourner en Roumanie\u2026<br \/>\nEt oui, il y aura une autre randonn\u00e9e dans les montagnes.<br \/>\n<strong>Jeroen et Ilona, Belgium, Juillet 2016<\/strong><\/p>\n","protected":false},"excerpt":{"rendered":"<p>Nous remercions Horia pour tout ces moments splendides, son conseil fortement appr\u00e9ci\u00e9 et son aide dans les moments compliqu\u00e9s. Un grand merci va aussi \u00e0 la \u201cfamille B\u00e2rcaciu\u201d pour l\u2019h\u00e9bergement et la bonne nourriture.<\/p>\n","protected":false},"author":3,"featured_media":12955,"comment_status":"closed","ping_status":"closed","sticky":false,"template":"","format":"standard","meta":{"footnotes":""},"categories":[569,573],"tags":[372,304,22,801,802,35,128,785],"class_list":["post-12957","post","type-post","status-publish","format-standard","has-post-thumbnail","hentry","category-trail-testimonials","category-testimonials","tag-barcaciu-hut","tag-fagaras-mountains","tag-hiking","tag-lova-nature","tag-quality-guiding","tag-romania","tag-transylvania","tag-welcome-to-nature"],"yoast_head":"<!-- This site is optimized with the Yoast SEO plugin v27.5 - https:\/\/yoast.com\/product\/yoast-seo-wordpress\/ -->\n<title>Mon p\u00e8re adorait les Carpartes<\/title>\n<meta name=\"robots\" content=\"index, follow, max-snippet:-1, max-image-preview:large, max-video-preview:-1\" \/>\n<link rel=\"canonical\" href=\"https:\/\/www.mountainguide.ro\/ro\/?p=12957\" \/>\n<meta property=\"og:locale\" content=\"ro_RO\" \/>\n<meta property=\"og:type\" content=\"article\" \/>\n<meta property=\"og:title\" content=\"Mon p\u00e8re adorait les Carpartes\" \/>\n<meta property=\"og:description\" content=\"Nous remercions Horia pour tout ces moments splendides, son conseil fortement appr\u00e9ci\u00e9 et son aide dans les moments compliqu\u00e9s. Un grand merci va aussi \u00e0 la \u201cfamille B\u00e2rcaciu\u201d pour l\u2019h\u00e9bergement et la bonne nourriture.\" \/>\n<meta property=\"og:url\" content=\"http:\/\/www.mountainguide.ro\/ro\/?p=12957\" \/>\n<meta property=\"og:site_name\" content=\"Ghid montan\" \/>\n<meta property=\"article:publisher\" content=\"https:\/\/www.facebook.com\/mountainguide.ro\/\" \/>\n<meta property=\"article:published_time\" content=\"2016-08-12T08:38:30+00:00\" \/>\n<meta property=\"article:modified_time\" content=\"2025-01-21T13:34:39+00:00\" \/>\n<meta property=\"og:image\" content=\"https:\/\/www.mountainguide.ro\/wp-content\/uploads\/2016\/08\/IMG_41053.jpg\" \/>\n\t<meta property=\"og:image:width\" content=\"1200\" \/>\n\t<meta property=\"og:image:height\" content=\"800\" \/>\n\t<meta property=\"og:image:type\" content=\"image\/jpeg\" \/>\n<meta name=\"author\" content=\"Iulian Cozma\" \/>\n<meta name=\"twitter:card\" content=\"summary_large_image\" \/>\n<meta name=\"twitter:label1\" content=\"Scris de\" \/>\n\t<meta name=\"twitter:data1\" content=\"Iulian Cozma\" \/>\n\t<meta name=\"twitter:label2\" content=\"Timp estimat pentru citire\" \/>\n\t<meta name=\"twitter:data2\" content=\"2 minute\" \/>\n<script type=\"application\/ld+json\" class=\"yoast-schema-graph\">{\"@context\":\"https:\\\/\\\/schema.org\",\"@graph\":[{\"@type\":\"Article\",\"@id\":\"https:\\\/\\\/www.mountainguide.ro\\\/en\\\/?p=12957#article\",\"isPartOf\":{\"@id\":\"https:\\\/\\\/www.mountainguide.ro\\\/en\\\/?p=12957\"},\"author\":{\"name\":\"Iulian Cozma\",\"@id\":\"https:\\\/\\\/www.mountainguide.ro\\\/en\\\/#\\\/schema\\\/person\\\/18a7fc93eec8ec6c3ddbc26bbe2ad443\"},\"headline\":\"Mon p\u00e8re adorait les Carpartes\",\"datePublished\":\"2016-08-12T08:38:30+00:00\",\"dateModified\":\"2025-01-21T13:34:39+00:00\",\"mainEntityOfPage\":{\"@id\":\"https:\\\/\\\/www.mountainguide.ro\\\/en\\\/?p=12957\"},\"wordCount\":487,\"image\":{\"@id\":\"https:\\\/\\\/www.mountainguide.ro\\\/en\\\/?p=12957#primaryimage\"},\"thumbnailUrl\":\"https:\\\/\\\/www.mountainguide.ro\\\/wp-content\\\/uploads\\\/2016\\\/08\\\/IMG_41053.jpg\",\"keywords\":[\"barcaciu hut\",\"fagaras mountains\",\"hiking\",\"lova nature\",\"quality guiding\",\"Romania\",\"transylvania\",\"welcome to nature\"],\"articleSection\":[\"Impresii excursii montane\",\"Impresii de la turisti, ski de tura in Romania\"],\"inLanguage\":\"ro-RO\"},{\"@type\":\"WebPage\",\"@id\":\"https:\\\/\\\/www.mountainguide.ro\\\/ro\\\/?p=12957\",\"url\":\"https:\\\/\\\/www.mountainguide.ro\\\/ro\\\/?p=12957\",\"name\":\"Mon p\u00e8re adorait les Carpartes\",\"isPartOf\":{\"@id\":\"https:\\\/\\\/www.mountainguide.ro\\\/ro\\\/#website\"},\"primaryImageOfPage\":{\"@id\":\"https:\\\/\\\/www.mountainguide.ro\\\/ro\\\/?p=12957#primaryimage\"},\"image\":{\"@id\":\"https:\\\/\\\/www.mountainguide.ro\\\/en\\\/?p=12957#primaryimage\"},\"thumbnailUrl\":\"https:\\\/\\\/www.mountainguide.ro\\\/wp-content\\\/uploads\\\/2016\\\/08\\\/IMG_41053.jpg\",\"datePublished\":\"2016-08-12T08:38:30+00:00\",\"dateModified\":\"2025-01-21T13:34:39+00:00\",\"author\":{\"@id\":\"https:\\\/\\\/www.mountainguide.ro\\\/en\\\/#\\\/schema\\\/person\\\/18a7fc93eec8ec6c3ddbc26bbe2ad443\"},\"breadcrumb\":{\"@id\":\"https:\\\/\\\/www.mountainguide.ro\\\/ro\\\/?p=12957#breadcrumb\"},\"inLanguage\":\"ro-RO\",\"potentialAction\":[{\"@type\":\"ReadAction\",\"target\":[[\"https:\\\/\\\/www.mountainguide.ro\\\/ro\\\/?p=12957\"]]}]},{\"@type\":\"ImageObject\",\"inLanguage\":\"ro-RO\",\"@id\":\"https:\\\/\\\/www.mountainguide.ro\\\/ro\\\/?p=12957#primaryimage\",\"url\":\"https:\\\/\\\/www.mountainguide.ro\\\/wp-content\\\/uploads\\\/2016\\\/08\\\/IMG_41053.jpg\",\"contentUrl\":\"https:\\\/\\\/www.mountainguide.ro\\\/wp-content\\\/uploads\\\/2016\\\/08\\\/IMG_41053.jpg\",\"width\":1200,\"height\":800},{\"@type\":\"BreadcrumbList\",\"@id\":\"https:\\\/\\\/www.mountainguide.ro\\\/ro\\\/?p=12957#breadcrumb\",\"itemListElement\":[{\"@type\":\"ListItem\",\"position\":1,\"name\":\"Home\",\"item\":\"https:\\\/\\\/www.mountainguide.ro\\\/ro\\\/\"},{\"@type\":\"ListItem\",\"position\":2,\"name\":\"Mon p\u00e8re adorait les Carpartes\"}]},{\"@type\":\"WebSite\",\"@id\":\"https:\\\/\\\/www.mountainguide.ro\\\/ro\\\/#website\",\"url\":\"https:\\\/\\\/www.mountainguide.ro\\\/ro\\\/\",\"name\":\"Ghid montan\",\"description\":\"Drumetii montane, schi de tura, ture cu bicicleta \u00een Rom\u00e2nia\",\"potentialAction\":[{\"@type\":\"SearchAction\",\"target\":{\"@type\":\"EntryPoint\",\"urlTemplate\":\"https:\\\/\\\/www.mountainguide.ro\\\/ro\\\/?s={search_term_string}\"},\"query-input\":{\"@type\":\"PropertyValueSpecification\",\"valueRequired\":true,\"valueName\":\"search_term_string\"}}],\"inLanguage\":\"ro-RO\"},{\"@type\":\"Person\",\"@id\":\"https:\\\/\\\/www.mountainguide.ro\\\/en\\\/#\\\/schema\\\/person\\\/18a7fc93eec8ec6c3ddbc26bbe2ad443\",\"name\":\"Iulian Cozma\",\"sameAs\":[\"http:\\\/\\\/www.mountainguide.ro\"],\"url\":\"https:\\\/\\\/www.mountainguide.ro\\\/ro\\\/author\\\/iulica\\\/\"}]}<\/script>\n<!-- \/ Yoast SEO plugin. -->","yoast_head_json":{"title":"Mon p\u00e8re adorait les Carpartes","robots":{"index":"index","follow":"follow","max-snippet":"max-snippet:-1","max-image-preview":"max-image-preview:large","max-video-preview":"max-video-preview:-1"},"canonical":"https:\/\/www.mountainguide.ro\/ro\/?p=12957","og_locale":"ro_RO","og_type":"article","og_title":"Mon p\u00e8re adorait les Carpartes","og_description":"Nous remercions Horia pour tout ces moments splendides, son conseil fortement appr\u00e9ci\u00e9 et son aide dans les moments compliqu\u00e9s. Un grand merci va aussi \u00e0 la \u201cfamille B\u00e2rcaciu\u201d pour l\u2019h\u00e9bergement et la bonne nourriture.","og_url":"http:\/\/www.mountainguide.ro\/ro\/?p=12957","og_site_name":"Ghid montan","article_publisher":"https:\/\/www.facebook.com\/mountainguide.ro\/","article_published_time":"2016-08-12T08:38:30+00:00","article_modified_time":"2025-01-21T13:34:39+00:00","og_image":[{"width":1200,"height":800,"url":"https:\/\/www.mountainguide.ro\/wp-content\/uploads\/2016\/08\/IMG_41053.jpg","type":"image\/jpeg"}],"author":"Iulian Cozma","twitter_card":"summary_large_image","twitter_misc":{"Scris de":"Iulian Cozma","Timp estimat pentru citire":"2 minute"},"schema":{"@context":"https:\/\/schema.org","@graph":[{"@type":"Article","@id":"https:\/\/www.mountainguide.ro\/en\/?p=12957#article","isPartOf":{"@id":"https:\/\/www.mountainguide.ro\/en\/?p=12957"},"author":{"name":"Iulian Cozma","@id":"https:\/\/www.mountainguide.ro\/en\/#\/schema\/person\/18a7fc93eec8ec6c3ddbc26bbe2ad443"},"headline":"Mon p\u00e8re adorait les Carpartes","datePublished":"2016-08-12T08:38:30+00:00","dateModified":"2025-01-21T13:34:39+00:00","mainEntityOfPage":{"@id":"https:\/\/www.mountainguide.ro\/en\/?p=12957"},"wordCount":487,"image":{"@id":"https:\/\/www.mountainguide.ro\/en\/?p=12957#primaryimage"},"thumbnailUrl":"https:\/\/www.mountainguide.ro\/wp-content\/uploads\/2016\/08\/IMG_41053.jpg","keywords":["barcaciu hut","fagaras mountains","hiking","lova nature","quality guiding","Romania","transylvania","welcome to nature"],"articleSection":["Impresii excursii montane","Impresii de la turisti, ski de tura in Romania"],"inLanguage":"ro-RO"},{"@type":"WebPage","@id":"https:\/\/www.mountainguide.ro\/ro\/?p=12957","url":"https:\/\/www.mountainguide.ro\/ro\/?p=12957","name":"Mon p\u00e8re adorait les Carpartes","isPartOf":{"@id":"https:\/\/www.mountainguide.ro\/ro\/#website"},"primaryImageOfPage":{"@id":"https:\/\/www.mountainguide.ro\/ro\/?p=12957#primaryimage"},"image":{"@id":"https:\/\/www.mountainguide.ro\/en\/?p=12957#primaryimage"},"thumbnailUrl":"https:\/\/www.mountainguide.ro\/wp-content\/uploads\/2016\/08\/IMG_41053.jpg","datePublished":"2016-08-12T08:38:30+00:00","dateModified":"2025-01-21T13:34:39+00:00","author":{"@id":"https:\/\/www.mountainguide.ro\/en\/#\/schema\/person\/18a7fc93eec8ec6c3ddbc26bbe2ad443"},"breadcrumb":{"@id":"https:\/\/www.mountainguide.ro\/ro\/?p=12957#breadcrumb"},"inLanguage":"ro-RO","potentialAction":[{"@type":"ReadAction","target":[["https:\/\/www.mountainguide.ro\/ro\/?p=12957"]]}]},{"@type":"ImageObject","inLanguage":"ro-RO","@id":"https:\/\/www.mountainguide.ro\/ro\/?p=12957#primaryimage","url":"https:\/\/www.mountainguide.ro\/wp-content\/uploads\/2016\/08\/IMG_41053.jpg","contentUrl":"https:\/\/www.mountainguide.ro\/wp-content\/uploads\/2016\/08\/IMG_41053.jpg","width":1200,"height":800},{"@type":"BreadcrumbList","@id":"https:\/\/www.mountainguide.ro\/ro\/?p=12957#breadcrumb","itemListElement":[{"@type":"ListItem","position":1,"name":"Home","item":"https:\/\/www.mountainguide.ro\/ro\/"},{"@type":"ListItem","position":2,"name":"Mon p\u00e8re adorait les Carpartes"}]},{"@type":"WebSite","@id":"https:\/\/www.mountainguide.ro\/ro\/#website","url":"https:\/\/www.mountainguide.ro\/ro\/","name":"Ghid montan","description":"Drumetii montane, schi de tura, ture cu bicicleta \u00een Rom\u00e2nia","potentialAction":[{"@type":"SearchAction","target":{"@type":"EntryPoint","urlTemplate":"https:\/\/www.mountainguide.ro\/ro\/?s={search_term_string}"},"query-input":{"@type":"PropertyValueSpecification","valueRequired":true,"valueName":"search_term_string"}}],"inLanguage":"ro-RO"},{"@type":"Person","@id":"https:\/\/www.mountainguide.ro\/en\/#\/schema\/person\/18a7fc93eec8ec6c3ddbc26bbe2ad443","name":"Iulian Cozma","sameAs":["http:\/\/www.mountainguide.ro"],"url":"https:\/\/www.mountainguide.ro\/ro\/author\/iulica\/"}]}},"_links":{"self":[{"href":"https:\/\/www.mountainguide.ro\/ro\/wp-json\/wp\/v2\/posts\/12957","targetHints":{"allow":["GET"]}}],"collection":[{"href":"https:\/\/www.mountainguide.ro\/ro\/wp-json\/wp\/v2\/posts"}],"about":[{"href":"https:\/\/www.mountainguide.ro\/ro\/wp-json\/wp\/v2\/types\/post"}],"author":[{"embeddable":true,"href":"https:\/\/www.mountainguide.ro\/ro\/wp-json\/wp\/v2\/users\/3"}],"replies":[{"embeddable":true,"href":"https:\/\/www.mountainguide.ro\/ro\/wp-json\/wp\/v2\/comments?post=12957"}],"version-history":[{"count":1,"href":"https:\/\/www.mountainguide.ro\/ro\/wp-json\/wp\/v2\/posts\/12957\/revisions"}],"predecessor-version":[{"id":12958,"href":"https:\/\/www.mountainguide.ro\/ro\/wp-json\/wp\/v2\/posts\/12957\/revisions\/12958"}],"wp:featuredmedia":[{"embeddable":true,"href":"https:\/\/www.mountainguide.ro\/ro\/wp-json\/wp\/v2\/media\/12955"}],"wp:attachment":[{"href":"https:\/\/www.mountainguide.ro\/ro\/wp-json\/wp\/v2\/media?parent=12957"}],"wp:term":[{"taxonomy":"category","embeddable":true,"href":"https:\/\/www.mountainguide.ro\/ro\/wp-json\/wp\/v2\/categories?post=12957"},{"taxonomy":"post_tag","embeddable":true,"href":"https:\/\/www.mountainguide.ro\/ro\/wp-json\/wp\/v2\/tags?post=12957"}],"curies":[{"name":"wp","href":"https:\/\/api.w.org\/{rel}","templated":true}]}}