{"id":10295,"date":"2014-01-15T19:04:30","date_gmt":"2014-01-15T17:04:30","guid":{"rendered":"http:\/\/www.mountainguide.ro\/?p=10295"},"modified":"2025-01-21T15:34:48","modified_gmt":"2025-01-21T13:34:48","slug":"die-einwochige-bergtour-im-fagaras-anfang-august-2013-war-fur-uns-etwas-ganz-groses-ein-einmaliges-erlebnis","status":"publish","type":"post","link":"https:\/\/www.mountainguide.ro\/ro\/die-einwochige-bergtour-im-fagaras-anfang-august-2013-war-fur-uns-etwas-ganz-groses-ein-einmaliges-erlebnis\/","title":{"rendered":"Die einw\u00f6chige Bergtour im Fagaras Anfang August 2013 war f\u00fcr uns etwas ganz Gro\u00dfes, ein einmaliges Erlebnis"},"content":{"rendered":"<p>Die Auf- und Abstiege waren sehr anstrengend, manchmal hart am Limit, aber die gro\u00dfartige Landschaft, die gro\u00dfe Aussicht hat uns nach jeder Strapaze belohnt. Es hat Spa\u00df gemacht, auch weil das Wetter sich in der Woche nur von seiner besten Seite zeigte.<\/p>\n<p>In den Cabanas hat es uns ebenfalls gefallen; man erlebt, dass man ohne Luxus leben kann, z.B. kalt duschen oder zu siebent in einem Zimmer schlafen. Es ging alles reibungslos.<\/p>\n<p>Mit Horia hatten wir einen guten Bergf\u00fchrer, der seinen Job souver\u00e4n und geduldig absolvierte. In den Unterk\u00fcnften k\u00fcmmerte er sich perfekt. Wir waren froh, ihn an unserer Seite zu wissen.<\/p>\n<p>Die letzte Unterkunft bei der Bergrettung im Valea Sambetei war die Kr\u00f6nung. Mit Thomas kamen wir sofort in ein angeregtes Gespr\u00e4ch bei sehr gutem Essen und Selbstgebranntem<\/p>\n<p>Wir hatten eine wundersch\u00f6ne Zeit in Rum\u00e4nien. Danke an Horia, Julian und seine Familie sowie an Thomas und seine Frau.<\/p>\n<p><b>Andreas und Erny -Allstedt, im September 2013<\/b>\u00a0&#8211;\u00a0<a href=\"http:\/\/www.mountainguide.ro\/hiking-in-carpathian-mountains-romania-fagaras-range\/\"><b>fotos<\/b><\/a><\/p>\n","protected":false},"excerpt":{"rendered":"<p>Die Auf- und Abstiege waren sehr anstrengend, manchmal hart am Limit, aber die gro\u00dfartige Landschaft, die gro\u00dfe Aussicht hat uns nach jeder Strapaze belohnt. Es hat Spa\u00df gemacht, auch weil das Wetter sich in der Woche nur von seiner besten Seite zeigte. In den Cabanas hat es uns ebenfalls gefallen; man erlebt, dass man ohne&#8230;  <a class=\"excerpt-read-more\" href=\"https:\/\/www.mountainguide.ro\/ro\/die-einwochige-bergtour-im-fagaras-anfang-august-2013-war-fur-uns-etwas-ganz-groses-ein-einmaliges-erlebnis\/\" title=\"Read Die einw\u00f6chige Bergtour im Fagaras Anfang August 2013 war f\u00fcr uns etwas ganz Gro\u00dfes, ein einmaliges Erlebnis\">Cite\u0219te mai mult &raquo;<\/a><\/p>\n","protected":false},"author":3,"featured_media":8860,"comment_status":"closed","ping_status":"closed","sticky":false,"template":"","format":"standard","meta":{"footnotes":""},"categories":[569],"tags":[],"class_list":["post-10295","post","type-post","status-publish","format-standard","has-post-thumbnail","hentry","category-trail-testimonials"],"yoast_head":"<!-- This site is optimized with the Yoast SEO plugin v27.5 - https:\/\/yoast.com\/product\/yoast-seo-wordpress\/ -->\n<title>Die einw\u00f6chige Bergtour im Fagaras Anfang August 2013 war f\u00fcr uns etwas ganz Gro\u00dfes, ein einmaliges Erlebnis<\/title>\n<meta name=\"robots\" content=\"index, follow, max-snippet:-1, max-image-preview:large, max-video-preview:-1\" \/>\n<link rel=\"canonical\" href=\"https:\/\/www.mountainguide.ro\/ro\/?p=10295\" \/>\n<meta property=\"og:locale\" content=\"ro_RO\" \/>\n<meta property=\"og:type\" content=\"article\" \/>\n<meta property=\"og:title\" content=\"Die einw\u00f6chige Bergtour im Fagaras Anfang August 2013 war f\u00fcr uns etwas ganz Gro\u00dfes, ein einmaliges Erlebnis\" \/>\n<meta property=\"og:description\" content=\"Die Auf- und Abstiege waren sehr anstrengend, manchmal hart am Limit, aber die gro\u00dfartige Landschaft, die gro\u00dfe Aussicht hat uns nach jeder Strapaze belohnt. Es hat Spa\u00df gemacht, auch weil das Wetter sich in der Woche nur von seiner besten Seite zeigte. In den Cabanas hat es uns ebenfalls gefallen; man erlebt, dass man ohne... Cite\u0219te mai mult &raquo;\" \/>\n<meta property=\"og:url\" content=\"http:\/\/www.mountainguide.ro\/ro\/?p=10295\" \/>\n<meta property=\"og:site_name\" content=\"Ghid montan\" \/>\n<meta property=\"article:publisher\" content=\"https:\/\/www.facebook.com\/mountainguide.ro\/\" \/>\n<meta property=\"article:published_time\" content=\"2014-01-15T17:04:30+00:00\" \/>\n<meta property=\"article:modified_time\" content=\"2025-01-21T13:34:48+00:00\" \/>\n<meta property=\"og:image\" content=\"https:\/\/www.mountainguide.ro\/wp-content\/uploads\/2013\/09\/Hiking-in-Carpathian-mountains-Romania-Fagaras-range-10.jpg\" \/>\n\t<meta property=\"og:image:width\" content=\"800\" \/>\n\t<meta property=\"og:image:height\" content=\"533\" \/>\n\t<meta property=\"og:image:type\" content=\"image\/jpeg\" \/>\n<meta name=\"author\" content=\"Iulian Cozma\" \/>\n<meta name=\"twitter:card\" content=\"summary_large_image\" \/>\n<meta name=\"twitter:label1\" content=\"Scris de\" \/>\n\t<meta name=\"twitter:data1\" content=\"Iulian Cozma\" \/>\n\t<meta name=\"twitter:label2\" content=\"Timp estimat pentru citire\" \/>\n\t<meta name=\"twitter:data2\" content=\"1 minut\" \/>\n<script type=\"application\/ld+json\" class=\"yoast-schema-graph\">{\"@context\":\"https:\\\/\\\/schema.org\",\"@graph\":[{\"@type\":\"Article\",\"@id\":\"https:\\\/\\\/www.mountainguide.ro\\\/en\\\/?p=10295#article\",\"isPartOf\":{\"@id\":\"https:\\\/\\\/www.mountainguide.ro\\\/en\\\/?p=10295\"},\"author\":{\"name\":\"Iulian Cozma\",\"@id\":\"https:\\\/\\\/www.mountainguide.ro\\\/en\\\/#\\\/schema\\\/person\\\/18a7fc93eec8ec6c3ddbc26bbe2ad443\"},\"headline\":\"Die einw\u00f6chige Bergtour im Fagaras Anfang August 2013 war f\u00fcr uns etwas ganz Gro\u00dfes, ein einmaliges Erlebnis\",\"datePublished\":\"2014-01-15T17:04:30+00:00\",\"dateModified\":\"2025-01-21T13:34:48+00:00\",\"mainEntityOfPage\":{\"@id\":\"https:\\\/\\\/www.mountainguide.ro\\\/en\\\/?p=10295\"},\"wordCount\":187,\"image\":{\"@id\":\"https:\\\/\\\/www.mountainguide.ro\\\/en\\\/?p=10295#primaryimage\"},\"thumbnailUrl\":\"https:\\\/\\\/www.mountainguide.ro\\\/wp-content\\\/uploads\\\/2013\\\/09\\\/Hiking-in-Carpathian-mountains-Romania-Fagaras-range-10.jpg\",\"articleSection\":[\"Impresii excursii montane\"],\"inLanguage\":\"ro-RO\"},{\"@type\":\"WebPage\",\"@id\":\"https:\\\/\\\/www.mountainguide.ro\\\/ro\\\/?p=10295\",\"url\":\"https:\\\/\\\/www.mountainguide.ro\\\/ro\\\/?p=10295\",\"name\":\"Die einw\u00f6chige Bergtour im Fagaras Anfang August 2013 war f\u00fcr uns etwas ganz Gro\u00dfes, ein einmaliges Erlebnis\",\"isPartOf\":{\"@id\":\"https:\\\/\\\/www.mountainguide.ro\\\/ro\\\/#website\"},\"primaryImageOfPage\":{\"@id\":\"https:\\\/\\\/www.mountainguide.ro\\\/ro\\\/?p=10295#primaryimage\"},\"image\":{\"@id\":\"https:\\\/\\\/www.mountainguide.ro\\\/en\\\/?p=10295#primaryimage\"},\"thumbnailUrl\":\"https:\\\/\\\/www.mountainguide.ro\\\/wp-content\\\/uploads\\\/2013\\\/09\\\/Hiking-in-Carpathian-mountains-Romania-Fagaras-range-10.jpg\",\"datePublished\":\"2014-01-15T17:04:30+00:00\",\"dateModified\":\"2025-01-21T13:34:48+00:00\",\"author\":{\"@id\":\"https:\\\/\\\/www.mountainguide.ro\\\/en\\\/#\\\/schema\\\/person\\\/18a7fc93eec8ec6c3ddbc26bbe2ad443\"},\"breadcrumb\":{\"@id\":\"https:\\\/\\\/www.mountainguide.ro\\\/ro\\\/?p=10295#breadcrumb\"},\"inLanguage\":\"ro-RO\",\"potentialAction\":[{\"@type\":\"ReadAction\",\"target\":[[\"https:\\\/\\\/www.mountainguide.ro\\\/ro\\\/?p=10295\"]]}]},{\"@type\":\"ImageObject\",\"inLanguage\":\"ro-RO\",\"@id\":\"https:\\\/\\\/www.mountainguide.ro\\\/ro\\\/?p=10295#primaryimage\",\"url\":\"https:\\\/\\\/www.mountainguide.ro\\\/wp-content\\\/uploads\\\/2013\\\/09\\\/Hiking-in-Carpathian-mountains-Romania-Fagaras-range-10.jpg\",\"contentUrl\":\"https:\\\/\\\/www.mountainguide.ro\\\/wp-content\\\/uploads\\\/2013\\\/09\\\/Hiking-in-Carpathian-mountains-Romania-Fagaras-range-10.jpg\",\"width\":800,\"height\":533},{\"@type\":\"BreadcrumbList\",\"@id\":\"https:\\\/\\\/www.mountainguide.ro\\\/ro\\\/?p=10295#breadcrumb\",\"itemListElement\":[{\"@type\":\"ListItem\",\"position\":1,\"name\":\"Home\",\"item\":\"https:\\\/\\\/www.mountainguide.ro\\\/ro\\\/\"},{\"@type\":\"ListItem\",\"position\":2,\"name\":\"Die einw\u00f6chige Bergtour im Fagaras Anfang August 2013 war f\u00fcr uns etwas ganz Gro\u00dfes, ein einmaliges Erlebnis\"}]},{\"@type\":\"WebSite\",\"@id\":\"https:\\\/\\\/www.mountainguide.ro\\\/ro\\\/#website\",\"url\":\"https:\\\/\\\/www.mountainguide.ro\\\/ro\\\/\",\"name\":\"Ghid montan\",\"description\":\"Drumetii montane, schi de tura, ture cu bicicleta \u00een Rom\u00e2nia\",\"potentialAction\":[{\"@type\":\"SearchAction\",\"target\":{\"@type\":\"EntryPoint\",\"urlTemplate\":\"https:\\\/\\\/www.mountainguide.ro\\\/ro\\\/?s={search_term_string}\"},\"query-input\":{\"@type\":\"PropertyValueSpecification\",\"valueRequired\":true,\"valueName\":\"search_term_string\"}}],\"inLanguage\":\"ro-RO\"},{\"@type\":\"Person\",\"@id\":\"https:\\\/\\\/www.mountainguide.ro\\\/en\\\/#\\\/schema\\\/person\\\/18a7fc93eec8ec6c3ddbc26bbe2ad443\",\"name\":\"Iulian Cozma\",\"sameAs\":[\"http:\\\/\\\/www.mountainguide.ro\"],\"url\":\"https:\\\/\\\/www.mountainguide.ro\\\/ro\\\/author\\\/iulica\\\/\"}]}<\/script>\n<!-- \/ Yoast SEO plugin. -->","yoast_head_json":{"title":"Die einw\u00f6chige Bergtour im Fagaras Anfang August 2013 war f\u00fcr uns etwas ganz Gro\u00dfes, ein einmaliges Erlebnis","robots":{"index":"index","follow":"follow","max-snippet":"max-snippet:-1","max-image-preview":"max-image-preview:large","max-video-preview":"max-video-preview:-1"},"canonical":"https:\/\/www.mountainguide.ro\/ro\/?p=10295","og_locale":"ro_RO","og_type":"article","og_title":"Die einw\u00f6chige Bergtour im Fagaras Anfang August 2013 war f\u00fcr uns etwas ganz Gro\u00dfes, ein einmaliges Erlebnis","og_description":"Die Auf- und Abstiege waren sehr anstrengend, manchmal hart am Limit, aber die gro\u00dfartige Landschaft, die gro\u00dfe Aussicht hat uns nach jeder Strapaze belohnt. Es hat Spa\u00df gemacht, auch weil das Wetter sich in der Woche nur von seiner besten Seite zeigte. In den Cabanas hat es uns ebenfalls gefallen; man erlebt, dass man ohne... Cite\u0219te mai mult &raquo;","og_url":"http:\/\/www.mountainguide.ro\/ro\/?p=10295","og_site_name":"Ghid montan","article_publisher":"https:\/\/www.facebook.com\/mountainguide.ro\/","article_published_time":"2014-01-15T17:04:30+00:00","article_modified_time":"2025-01-21T13:34:48+00:00","og_image":[{"width":800,"height":533,"url":"https:\/\/www.mountainguide.ro\/wp-content\/uploads\/2013\/09\/Hiking-in-Carpathian-mountains-Romania-Fagaras-range-10.jpg","type":"image\/jpeg"}],"author":"Iulian Cozma","twitter_card":"summary_large_image","twitter_misc":{"Scris de":"Iulian Cozma","Timp estimat pentru citire":"1 minut"},"schema":{"@context":"https:\/\/schema.org","@graph":[{"@type":"Article","@id":"https:\/\/www.mountainguide.ro\/en\/?p=10295#article","isPartOf":{"@id":"https:\/\/www.mountainguide.ro\/en\/?p=10295"},"author":{"name":"Iulian Cozma","@id":"https:\/\/www.mountainguide.ro\/en\/#\/schema\/person\/18a7fc93eec8ec6c3ddbc26bbe2ad443"},"headline":"Die einw\u00f6chige Bergtour im Fagaras Anfang August 2013 war f\u00fcr uns etwas ganz Gro\u00dfes, ein einmaliges Erlebnis","datePublished":"2014-01-15T17:04:30+00:00","dateModified":"2025-01-21T13:34:48+00:00","mainEntityOfPage":{"@id":"https:\/\/www.mountainguide.ro\/en\/?p=10295"},"wordCount":187,"image":{"@id":"https:\/\/www.mountainguide.ro\/en\/?p=10295#primaryimage"},"thumbnailUrl":"https:\/\/www.mountainguide.ro\/wp-content\/uploads\/2013\/09\/Hiking-in-Carpathian-mountains-Romania-Fagaras-range-10.jpg","articleSection":["Impresii excursii montane"],"inLanguage":"ro-RO"},{"@type":"WebPage","@id":"https:\/\/www.mountainguide.ro\/ro\/?p=10295","url":"https:\/\/www.mountainguide.ro\/ro\/?p=10295","name":"Die einw\u00f6chige Bergtour im Fagaras Anfang August 2013 war f\u00fcr uns etwas ganz Gro\u00dfes, ein einmaliges Erlebnis","isPartOf":{"@id":"https:\/\/www.mountainguide.ro\/ro\/#website"},"primaryImageOfPage":{"@id":"https:\/\/www.mountainguide.ro\/ro\/?p=10295#primaryimage"},"image":{"@id":"https:\/\/www.mountainguide.ro\/en\/?p=10295#primaryimage"},"thumbnailUrl":"https:\/\/www.mountainguide.ro\/wp-content\/uploads\/2013\/09\/Hiking-in-Carpathian-mountains-Romania-Fagaras-range-10.jpg","datePublished":"2014-01-15T17:04:30+00:00","dateModified":"2025-01-21T13:34:48+00:00","author":{"@id":"https:\/\/www.mountainguide.ro\/en\/#\/schema\/person\/18a7fc93eec8ec6c3ddbc26bbe2ad443"},"breadcrumb":{"@id":"https:\/\/www.mountainguide.ro\/ro\/?p=10295#breadcrumb"},"inLanguage":"ro-RO","potentialAction":[{"@type":"ReadAction","target":[["https:\/\/www.mountainguide.ro\/ro\/?p=10295"]]}]},{"@type":"ImageObject","inLanguage":"ro-RO","@id":"https:\/\/www.mountainguide.ro\/ro\/?p=10295#primaryimage","url":"https:\/\/www.mountainguide.ro\/wp-content\/uploads\/2013\/09\/Hiking-in-Carpathian-mountains-Romania-Fagaras-range-10.jpg","contentUrl":"https:\/\/www.mountainguide.ro\/wp-content\/uploads\/2013\/09\/Hiking-in-Carpathian-mountains-Romania-Fagaras-range-10.jpg","width":800,"height":533},{"@type":"BreadcrumbList","@id":"https:\/\/www.mountainguide.ro\/ro\/?p=10295#breadcrumb","itemListElement":[{"@type":"ListItem","position":1,"name":"Home","item":"https:\/\/www.mountainguide.ro\/ro\/"},{"@type":"ListItem","position":2,"name":"Die einw\u00f6chige Bergtour im Fagaras Anfang August 2013 war f\u00fcr uns etwas ganz Gro\u00dfes, ein einmaliges Erlebnis"}]},{"@type":"WebSite","@id":"https:\/\/www.mountainguide.ro\/ro\/#website","url":"https:\/\/www.mountainguide.ro\/ro\/","name":"Ghid montan","description":"Drumetii montane, schi de tura, ture cu bicicleta \u00een Rom\u00e2nia","potentialAction":[{"@type":"SearchAction","target":{"@type":"EntryPoint","urlTemplate":"https:\/\/www.mountainguide.ro\/ro\/?s={search_term_string}"},"query-input":{"@type":"PropertyValueSpecification","valueRequired":true,"valueName":"search_term_string"}}],"inLanguage":"ro-RO"},{"@type":"Person","@id":"https:\/\/www.mountainguide.ro\/en\/#\/schema\/person\/18a7fc93eec8ec6c3ddbc26bbe2ad443","name":"Iulian Cozma","sameAs":["http:\/\/www.mountainguide.ro"],"url":"https:\/\/www.mountainguide.ro\/ro\/author\/iulica\/"}]}},"_links":{"self":[{"href":"https:\/\/www.mountainguide.ro\/ro\/wp-json\/wp\/v2\/posts\/10295","targetHints":{"allow":["GET"]}}],"collection":[{"href":"https:\/\/www.mountainguide.ro\/ro\/wp-json\/wp\/v2\/posts"}],"about":[{"href":"https:\/\/www.mountainguide.ro\/ro\/wp-json\/wp\/v2\/types\/post"}],"author":[{"embeddable":true,"href":"https:\/\/www.mountainguide.ro\/ro\/wp-json\/wp\/v2\/users\/3"}],"replies":[{"embeddable":true,"href":"https:\/\/www.mountainguide.ro\/ro\/wp-json\/wp\/v2\/comments?post=10295"}],"version-history":[{"count":1,"href":"https:\/\/www.mountainguide.ro\/ro\/wp-json\/wp\/v2\/posts\/10295\/revisions"}],"predecessor-version":[{"id":10296,"href":"https:\/\/www.mountainguide.ro\/ro\/wp-json\/wp\/v2\/posts\/10295\/revisions\/10296"}],"wp:featuredmedia":[{"embeddable":true,"href":"https:\/\/www.mountainguide.ro\/ro\/wp-json\/wp\/v2\/media\/8860"}],"wp:attachment":[{"href":"https:\/\/www.mountainguide.ro\/ro\/wp-json\/wp\/v2\/media?parent=10295"}],"wp:term":[{"taxonomy":"category","embeddable":true,"href":"https:\/\/www.mountainguide.ro\/ro\/wp-json\/wp\/v2\/categories?post=10295"},{"taxonomy":"post_tag","embeddable":true,"href":"https:\/\/www.mountainguide.ro\/ro\/wp-json\/wp\/v2\/tags?post=10295"}],"curies":[{"name":"wp","href":"https:\/\/api.w.org\/{rel}","templated":true}]}}