{"id":10263,"date":"2014-01-15T18:53:24","date_gmt":"2014-01-15T16:53:24","guid":{"rendered":"http:\/\/www.mountainguide.ro\/?p=10263"},"modified":"2025-01-21T15:34:48","modified_gmt":"2025-01-21T13:34:48","slug":"grosen-dank-fur-diese-wunderbaren-acht-tage-im-piatra-mare-bucegi-und-konigstein","status":"publish","type":"post","link":"https:\/\/www.mountainguide.ro\/ro\/grosen-dank-fur-diese-wunderbaren-acht-tage-im-piatra-mare-bucegi-und-konigstein\/","title":{"rendered":"Gro\u00dfen Dank f\u00fcr diese wunderbaren acht Tage im Piatra Mare, Bucegi und K\u00f6nigstein"},"content":{"rendered":"<p>Lieber Iulian, gro\u00dfen Dank f\u00fcr diese wunderbaren acht Tage im Piatra Mare, Bucegi und K\u00f6nigstein. Nachdem wir letztes Jahr ausschlie\u00dflich im Fagaras-Gebirge unterwegs waren, habe ich es dieses Jahr\u00a0genossen, durch die sehr verschiedenen Landschaften zu streifen. Dass der auch f\u00fcr dieses Jahr geplante Abstecher in das Fagaras-Gebirge wetterbedingt nicht m\u00f6glich war, hat sich als gl\u00fcckliche F\u00fcgung erwiesen. Denn das dadurch m\u00f6glich gewordene Durchwandern der vielen kleinen\u00a0 &#8211; sehr friedvollen &#8211; D\u00f6rfer zwischen Bucegi und K\u00f6nigstein war sehr eindr\u00fccklich. Auch diese Reise war gepr\u00e4gt von Deiner sehr guten Organisation, aber auch von Flexibilit\u00e4t und Zugewandtheit. Und als besonderen Bonus durfte ich dann ja noch die kleine Hunde-Pr\u00fcfung ablegen.<br \/>\nVielen Dank f\u00fcr alles!<br \/>\n<b>Anja, Juni 2013 &#8211;\u00a0<\/b><b><a href=\"http:\/\/www.mountainguide.ro\/rumaniens-landschaft-wahrend-einer-wandertour-im-gebirge-siebenburgens-bewundern\/\">photos here<\/a><\/b><\/p>\n","protected":false},"excerpt":{"rendered":"<p>Lieber Iulian, gro\u00dfen Dank f\u00fcr diese wunderbaren acht Tage im Piatra Mare, Bucegi und K\u00f6nigstein. Nachdem wir letztes Jahr ausschlie\u00dflich im Fagaras-Gebirge unterwegs waren, habe ich es dieses Jahr\u00a0genossen, durch die sehr verschiedenen Landschaften zu streifen. Dass der auch f\u00fcr dieses Jahr geplante Abstecher in das Fagaras-Gebirge wetterbedingt nicht m\u00f6glich war, hat sich als gl\u00fcckliche&#8230;  <a class=\"excerpt-read-more\" href=\"https:\/\/www.mountainguide.ro\/ro\/grosen-dank-fur-diese-wunderbaren-acht-tage-im-piatra-mare-bucegi-und-konigstein\/\" title=\"Read Gro\u00dfen Dank f\u00fcr diese wunderbaren acht Tage im Piatra Mare, Bucegi und K\u00f6nigstein\">Cite\u0219te mai mult &raquo;<\/a><\/p>\n","protected":false},"author":3,"featured_media":8154,"comment_status":"closed","ping_status":"closed","sticky":false,"template":"","format":"standard","meta":{"footnotes":""},"categories":[569],"tags":[],"class_list":["post-10263","post","type-post","status-publish","format-standard","has-post-thumbnail","hentry","category-trail-testimonials"],"yoast_head":"<!-- This site is optimized with the Yoast SEO plugin v27.5 - https:\/\/yoast.com\/product\/yoast-seo-wordpress\/ -->\n<title>Gro\u00dfen Dank f\u00fcr diese wunderbaren acht Tage im Piatra Mare, Bucegi und K\u00f6nigstein<\/title>\n<meta name=\"robots\" content=\"index, follow, max-snippet:-1, max-image-preview:large, max-video-preview:-1\" \/>\n<link rel=\"canonical\" href=\"https:\/\/www.mountainguide.ro\/ro\/?p=10263\" \/>\n<meta property=\"og:locale\" content=\"ro_RO\" \/>\n<meta property=\"og:type\" content=\"article\" \/>\n<meta property=\"og:title\" content=\"Gro\u00dfen Dank f\u00fcr diese wunderbaren acht Tage im Piatra Mare, Bucegi und K\u00f6nigstein\" \/>\n<meta property=\"og:description\" content=\"Lieber Iulian, gro\u00dfen Dank f\u00fcr diese wunderbaren acht Tage im Piatra Mare, Bucegi und K\u00f6nigstein. Nachdem wir letztes Jahr ausschlie\u00dflich im Fagaras-Gebirge unterwegs waren, habe ich es dieses Jahr\u00a0genossen, durch die sehr verschiedenen Landschaften zu streifen. Dass der auch f\u00fcr dieses Jahr geplante Abstecher in das Fagaras-Gebirge wetterbedingt nicht m\u00f6glich war, hat sich als gl\u00fcckliche... Cite\u0219te mai mult &raquo;\" \/>\n<meta property=\"og:url\" content=\"http:\/\/www.mountainguide.ro\/ro\/?p=10263\" \/>\n<meta property=\"og:site_name\" content=\"Ghid montan\" \/>\n<meta property=\"article:publisher\" content=\"https:\/\/www.facebook.com\/mountainguide.ro\/\" \/>\n<meta property=\"article:published_time\" content=\"2014-01-15T16:53:24+00:00\" \/>\n<meta property=\"article:modified_time\" content=\"2025-01-21T13:34:48+00:00\" \/>\n<meta property=\"og:image\" content=\"https:\/\/www.mountainguide.ro\/wp-content\/uploads\/2013\/06\/cover.jpg\" \/>\n\t<meta property=\"og:image:width\" content=\"630\" \/>\n\t<meta property=\"og:image:height\" content=\"420\" \/>\n\t<meta property=\"og:image:type\" content=\"image\/jpeg\" \/>\n<meta name=\"author\" content=\"Iulian Cozma\" \/>\n<meta name=\"twitter:card\" content=\"summary_large_image\" \/>\n<meta name=\"twitter:label1\" content=\"Scris de\" \/>\n\t<meta name=\"twitter:data1\" content=\"Iulian Cozma\" \/>\n\t<meta name=\"twitter:label2\" content=\"Timp estimat pentru citire\" \/>\n\t<meta name=\"twitter:data2\" content=\"1 minut\" \/>\n<script type=\"application\/ld+json\" class=\"yoast-schema-graph\">{\"@context\":\"https:\\\/\\\/schema.org\",\"@graph\":[{\"@type\":\"Article\",\"@id\":\"https:\\\/\\\/www.mountainguide.ro\\\/en\\\/?p=10263#article\",\"isPartOf\":{\"@id\":\"https:\\\/\\\/www.mountainguide.ro\\\/en\\\/?p=10263\"},\"author\":{\"name\":\"Iulian Cozma\",\"@id\":\"https:\\\/\\\/www.mountainguide.ro\\\/en\\\/#\\\/schema\\\/person\\\/18a7fc93eec8ec6c3ddbc26bbe2ad443\"},\"headline\":\"Gro\u00dfen Dank f\u00fcr diese wunderbaren acht Tage im Piatra Mare, Bucegi und K\u00f6nigstein\",\"datePublished\":\"2014-01-15T16:53:24+00:00\",\"dateModified\":\"2025-01-21T13:34:48+00:00\",\"mainEntityOfPage\":{\"@id\":\"https:\\\/\\\/www.mountainguide.ro\\\/en\\\/?p=10263\"},\"wordCount\":149,\"image\":{\"@id\":\"https:\\\/\\\/www.mountainguide.ro\\\/en\\\/?p=10263#primaryimage\"},\"thumbnailUrl\":\"https:\\\/\\\/www.mountainguide.ro\\\/wp-content\\\/uploads\\\/2013\\\/06\\\/cover.jpg\",\"articleSection\":[\"Impresii excursii montane\"],\"inLanguage\":\"ro-RO\"},{\"@type\":\"WebPage\",\"@id\":\"https:\\\/\\\/www.mountainguide.ro\\\/ro\\\/?p=10263\",\"url\":\"https:\\\/\\\/www.mountainguide.ro\\\/ro\\\/?p=10263\",\"name\":\"Gro\u00dfen Dank f\u00fcr diese wunderbaren acht Tage im Piatra Mare, Bucegi und K\u00f6nigstein\",\"isPartOf\":{\"@id\":\"https:\\\/\\\/www.mountainguide.ro\\\/ro\\\/#website\"},\"primaryImageOfPage\":{\"@id\":\"https:\\\/\\\/www.mountainguide.ro\\\/ro\\\/?p=10263#primaryimage\"},\"image\":{\"@id\":\"https:\\\/\\\/www.mountainguide.ro\\\/en\\\/?p=10263#primaryimage\"},\"thumbnailUrl\":\"https:\\\/\\\/www.mountainguide.ro\\\/wp-content\\\/uploads\\\/2013\\\/06\\\/cover.jpg\",\"datePublished\":\"2014-01-15T16:53:24+00:00\",\"dateModified\":\"2025-01-21T13:34:48+00:00\",\"author\":{\"@id\":\"https:\\\/\\\/www.mountainguide.ro\\\/en\\\/#\\\/schema\\\/person\\\/18a7fc93eec8ec6c3ddbc26bbe2ad443\"},\"breadcrumb\":{\"@id\":\"https:\\\/\\\/www.mountainguide.ro\\\/ro\\\/?p=10263#breadcrumb\"},\"inLanguage\":\"ro-RO\",\"potentialAction\":[{\"@type\":\"ReadAction\",\"target\":[[\"https:\\\/\\\/www.mountainguide.ro\\\/ro\\\/?p=10263\"]]}]},{\"@type\":\"ImageObject\",\"inLanguage\":\"ro-RO\",\"@id\":\"https:\\\/\\\/www.mountainguide.ro\\\/ro\\\/?p=10263#primaryimage\",\"url\":\"https:\\\/\\\/www.mountainguide.ro\\\/wp-content\\\/uploads\\\/2013\\\/06\\\/cover.jpg\",\"contentUrl\":\"https:\\\/\\\/www.mountainguide.ro\\\/wp-content\\\/uploads\\\/2013\\\/06\\\/cover.jpg\",\"width\":630,\"height\":420},{\"@type\":\"BreadcrumbList\",\"@id\":\"https:\\\/\\\/www.mountainguide.ro\\\/ro\\\/?p=10263#breadcrumb\",\"itemListElement\":[{\"@type\":\"ListItem\",\"position\":1,\"name\":\"Home\",\"item\":\"https:\\\/\\\/www.mountainguide.ro\\\/ro\\\/\"},{\"@type\":\"ListItem\",\"position\":2,\"name\":\"Gro\u00dfen Dank f\u00fcr diese wunderbaren acht Tage im Piatra Mare, Bucegi und K\u00f6nigstein\"}]},{\"@type\":\"WebSite\",\"@id\":\"https:\\\/\\\/www.mountainguide.ro\\\/ro\\\/#website\",\"url\":\"https:\\\/\\\/www.mountainguide.ro\\\/ro\\\/\",\"name\":\"Ghid montan\",\"description\":\"Drumetii montane, schi de tura, ture cu bicicleta \u00een Rom\u00e2nia\",\"potentialAction\":[{\"@type\":\"SearchAction\",\"target\":{\"@type\":\"EntryPoint\",\"urlTemplate\":\"https:\\\/\\\/www.mountainguide.ro\\\/ro\\\/?s={search_term_string}\"},\"query-input\":{\"@type\":\"PropertyValueSpecification\",\"valueRequired\":true,\"valueName\":\"search_term_string\"}}],\"inLanguage\":\"ro-RO\"},{\"@type\":\"Person\",\"@id\":\"https:\\\/\\\/www.mountainguide.ro\\\/en\\\/#\\\/schema\\\/person\\\/18a7fc93eec8ec6c3ddbc26bbe2ad443\",\"name\":\"Iulian Cozma\",\"sameAs\":[\"http:\\\/\\\/www.mountainguide.ro\"],\"url\":\"https:\\\/\\\/www.mountainguide.ro\\\/ro\\\/author\\\/iulica\\\/\"}]}<\/script>\n<!-- \/ Yoast SEO plugin. -->","yoast_head_json":{"title":"Gro\u00dfen Dank f\u00fcr diese wunderbaren acht Tage im Piatra Mare, Bucegi und K\u00f6nigstein","robots":{"index":"index","follow":"follow","max-snippet":"max-snippet:-1","max-image-preview":"max-image-preview:large","max-video-preview":"max-video-preview:-1"},"canonical":"https:\/\/www.mountainguide.ro\/ro\/?p=10263","og_locale":"ro_RO","og_type":"article","og_title":"Gro\u00dfen Dank f\u00fcr diese wunderbaren acht Tage im Piatra Mare, Bucegi und K\u00f6nigstein","og_description":"Lieber Iulian, gro\u00dfen Dank f\u00fcr diese wunderbaren acht Tage im Piatra Mare, Bucegi und K\u00f6nigstein. Nachdem wir letztes Jahr ausschlie\u00dflich im Fagaras-Gebirge unterwegs waren, habe ich es dieses Jahr\u00a0genossen, durch die sehr verschiedenen Landschaften zu streifen. Dass der auch f\u00fcr dieses Jahr geplante Abstecher in das Fagaras-Gebirge wetterbedingt nicht m\u00f6glich war, hat sich als gl\u00fcckliche... Cite\u0219te mai mult &raquo;","og_url":"http:\/\/www.mountainguide.ro\/ro\/?p=10263","og_site_name":"Ghid montan","article_publisher":"https:\/\/www.facebook.com\/mountainguide.ro\/","article_published_time":"2014-01-15T16:53:24+00:00","article_modified_time":"2025-01-21T13:34:48+00:00","og_image":[{"width":630,"height":420,"url":"https:\/\/www.mountainguide.ro\/wp-content\/uploads\/2013\/06\/cover.jpg","type":"image\/jpeg"}],"author":"Iulian Cozma","twitter_card":"summary_large_image","twitter_misc":{"Scris de":"Iulian Cozma","Timp estimat pentru citire":"1 minut"},"schema":{"@context":"https:\/\/schema.org","@graph":[{"@type":"Article","@id":"https:\/\/www.mountainguide.ro\/en\/?p=10263#article","isPartOf":{"@id":"https:\/\/www.mountainguide.ro\/en\/?p=10263"},"author":{"name":"Iulian Cozma","@id":"https:\/\/www.mountainguide.ro\/en\/#\/schema\/person\/18a7fc93eec8ec6c3ddbc26bbe2ad443"},"headline":"Gro\u00dfen Dank f\u00fcr diese wunderbaren acht Tage im Piatra Mare, Bucegi und K\u00f6nigstein","datePublished":"2014-01-15T16:53:24+00:00","dateModified":"2025-01-21T13:34:48+00:00","mainEntityOfPage":{"@id":"https:\/\/www.mountainguide.ro\/en\/?p=10263"},"wordCount":149,"image":{"@id":"https:\/\/www.mountainguide.ro\/en\/?p=10263#primaryimage"},"thumbnailUrl":"https:\/\/www.mountainguide.ro\/wp-content\/uploads\/2013\/06\/cover.jpg","articleSection":["Impresii excursii montane"],"inLanguage":"ro-RO"},{"@type":"WebPage","@id":"https:\/\/www.mountainguide.ro\/ro\/?p=10263","url":"https:\/\/www.mountainguide.ro\/ro\/?p=10263","name":"Gro\u00dfen Dank f\u00fcr diese wunderbaren acht Tage im Piatra Mare, Bucegi und K\u00f6nigstein","isPartOf":{"@id":"https:\/\/www.mountainguide.ro\/ro\/#website"},"primaryImageOfPage":{"@id":"https:\/\/www.mountainguide.ro\/ro\/?p=10263#primaryimage"},"image":{"@id":"https:\/\/www.mountainguide.ro\/en\/?p=10263#primaryimage"},"thumbnailUrl":"https:\/\/www.mountainguide.ro\/wp-content\/uploads\/2013\/06\/cover.jpg","datePublished":"2014-01-15T16:53:24+00:00","dateModified":"2025-01-21T13:34:48+00:00","author":{"@id":"https:\/\/www.mountainguide.ro\/en\/#\/schema\/person\/18a7fc93eec8ec6c3ddbc26bbe2ad443"},"breadcrumb":{"@id":"https:\/\/www.mountainguide.ro\/ro\/?p=10263#breadcrumb"},"inLanguage":"ro-RO","potentialAction":[{"@type":"ReadAction","target":[["https:\/\/www.mountainguide.ro\/ro\/?p=10263"]]}]},{"@type":"ImageObject","inLanguage":"ro-RO","@id":"https:\/\/www.mountainguide.ro\/ro\/?p=10263#primaryimage","url":"https:\/\/www.mountainguide.ro\/wp-content\/uploads\/2013\/06\/cover.jpg","contentUrl":"https:\/\/www.mountainguide.ro\/wp-content\/uploads\/2013\/06\/cover.jpg","width":630,"height":420},{"@type":"BreadcrumbList","@id":"https:\/\/www.mountainguide.ro\/ro\/?p=10263#breadcrumb","itemListElement":[{"@type":"ListItem","position":1,"name":"Home","item":"https:\/\/www.mountainguide.ro\/ro\/"},{"@type":"ListItem","position":2,"name":"Gro\u00dfen Dank f\u00fcr diese wunderbaren acht Tage im Piatra Mare, Bucegi und K\u00f6nigstein"}]},{"@type":"WebSite","@id":"https:\/\/www.mountainguide.ro\/ro\/#website","url":"https:\/\/www.mountainguide.ro\/ro\/","name":"Ghid montan","description":"Drumetii montane, schi de tura, ture cu bicicleta \u00een Rom\u00e2nia","potentialAction":[{"@type":"SearchAction","target":{"@type":"EntryPoint","urlTemplate":"https:\/\/www.mountainguide.ro\/ro\/?s={search_term_string}"},"query-input":{"@type":"PropertyValueSpecification","valueRequired":true,"valueName":"search_term_string"}}],"inLanguage":"ro-RO"},{"@type":"Person","@id":"https:\/\/www.mountainguide.ro\/en\/#\/schema\/person\/18a7fc93eec8ec6c3ddbc26bbe2ad443","name":"Iulian Cozma","sameAs":["http:\/\/www.mountainguide.ro"],"url":"https:\/\/www.mountainguide.ro\/ro\/author\/iulica\/"}]}},"_links":{"self":[{"href":"https:\/\/www.mountainguide.ro\/ro\/wp-json\/wp\/v2\/posts\/10263","targetHints":{"allow":["GET"]}}],"collection":[{"href":"https:\/\/www.mountainguide.ro\/ro\/wp-json\/wp\/v2\/posts"}],"about":[{"href":"https:\/\/www.mountainguide.ro\/ro\/wp-json\/wp\/v2\/types\/post"}],"author":[{"embeddable":true,"href":"https:\/\/www.mountainguide.ro\/ro\/wp-json\/wp\/v2\/users\/3"}],"replies":[{"embeddable":true,"href":"https:\/\/www.mountainguide.ro\/ro\/wp-json\/wp\/v2\/comments?post=10263"}],"version-history":[{"count":1,"href":"https:\/\/www.mountainguide.ro\/ro\/wp-json\/wp\/v2\/posts\/10263\/revisions"}],"predecessor-version":[{"id":10264,"href":"https:\/\/www.mountainguide.ro\/ro\/wp-json\/wp\/v2\/posts\/10263\/revisions\/10264"}],"wp:featuredmedia":[{"embeddable":true,"href":"https:\/\/www.mountainguide.ro\/ro\/wp-json\/wp\/v2\/media\/8154"}],"wp:attachment":[{"href":"https:\/\/www.mountainguide.ro\/ro\/wp-json\/wp\/v2\/media?parent=10263"}],"wp:term":[{"taxonomy":"category","embeddable":true,"href":"https:\/\/www.mountainguide.ro\/ro\/wp-json\/wp\/v2\/categories?post=10263"},{"taxonomy":"post_tag","embeddable":true,"href":"https:\/\/www.mountainguide.ro\/ro\/wp-json\/wp\/v2\/tags?post=10263"}],"curies":[{"name":"wp","href":"https:\/\/api.w.org\/{rel}","templated":true}]}}