{"id":10233,"date":"2014-01-15T17:30:29","date_gmt":"2014-01-15T15:30:29","guid":{"rendered":"http:\/\/www.mountainguide.ro\/?p=10233"},"modified":"2025-01-21T15:34:49","modified_gmt":"2025-01-21T13:34:49","slug":"ja-es-war-eine-tolle-woche-mit-dir-als-bergfuhrer","status":"publish","type":"post","link":"https:\/\/www.mountainguide.ro\/ro\/ja-es-war-eine-tolle-woche-mit-dir-als-bergfuhrer\/","title":{"rendered":"&#8230; ja, es war eine tolle Woche mit dir als Bergf\u00fchrer."},"content":{"rendered":"<p>F\u00fcr mich war es eher eine Reflexions\u00fcbung, um den t\u00e4glichen Arbeitsstress etc. aus dem Kopf und auf andere Gedanken zu kommen. Hat tats\u00e4chlich funktioniert, da es f\u00fcr mich schon eine gewisse Anstrengung bedeutet hat. Ich f\u00fchlte mich von dir allerdings nicht unter Druck gesetzt &#8230; im Gegenteil. Den wichtigsten Satz, den ich mitnehmen konnte, lautet: &#8222;Nie den Berg \/ Gipfel mit der bevorstehenden Anstrengung zu sehen und der lange \/ vielleicht unerreichbare Weg dorthin, sondern mit dem bisher Erreichten zufrieden zu sein&#8230;!<\/p>\n<p><b>Wenke Merkel, Stuttgart, Deutschland<\/b>\u00a0&#8211;\u00a0<a href=\"http:\/\/www.mountainguide.ro\/wandertour-in-rumanien-fagaras-piatra-craiului-und-bucegi-gebirge\/\"><b>photos here<\/b><\/a><\/p>\n","protected":false},"excerpt":{"rendered":"<p>F\u00fcr mich war es eher eine Reflexions\u00fcbung, um den t\u00e4glichen Arbeitsstress etc. aus dem Kopf und auf andere Gedanken zu kommen. Hat tats\u00e4chlich funktioniert, da es f\u00fcr mich schon eine gewisse Anstrengung bedeutet hat. Ich f\u00fchlte mich von dir allerdings nicht unter Druck gesetzt &#8230; im Gegenteil. Den wichtigsten Satz, den ich mitnehmen konnte, lautet:&#8230;  <a class=\"excerpt-read-more\" href=\"https:\/\/www.mountainguide.ro\/ro\/ja-es-war-eine-tolle-woche-mit-dir-als-bergfuhrer\/\" title=\"Read &#8230; ja, es war eine tolle Woche mit dir als Bergf\u00fchrer.\">Cite\u0219te mai mult &raquo;<\/a><\/p>\n","protected":false},"author":3,"featured_media":0,"comment_status":"closed","ping_status":"closed","sticky":false,"template":"","format":"standard","meta":{"footnotes":""},"categories":[569],"tags":[],"class_list":["post-10233","post","type-post","status-publish","format-standard","hentry","category-trail-testimonials"],"yoast_head":"<!-- This site is optimized with the Yoast SEO plugin v27.5 - https:\/\/yoast.com\/product\/yoast-seo-wordpress\/ -->\n<title>... ja, es war eine tolle Woche mit dir als Bergf\u00fchrer.<\/title>\n<meta name=\"robots\" content=\"index, follow, max-snippet:-1, max-image-preview:large, max-video-preview:-1\" \/>\n<link rel=\"canonical\" href=\"https:\/\/www.mountainguide.ro\/ro\/?p=10233\" \/>\n<meta property=\"og:locale\" content=\"ro_RO\" \/>\n<meta property=\"og:type\" content=\"article\" \/>\n<meta property=\"og:title\" content=\"... ja, es war eine tolle Woche mit dir als Bergf\u00fchrer.\" \/>\n<meta property=\"og:description\" content=\"F\u00fcr mich war es eher eine Reflexions\u00fcbung, um den t\u00e4glichen Arbeitsstress etc. aus dem Kopf und auf andere Gedanken zu kommen. Hat tats\u00e4chlich funktioniert, da es f\u00fcr mich schon eine gewisse Anstrengung bedeutet hat. Ich f\u00fchlte mich von dir allerdings nicht unter Druck gesetzt &#8230; im Gegenteil. Den wichtigsten Satz, den ich mitnehmen konnte, lautet:... Cite\u0219te mai mult &raquo;\" \/>\n<meta property=\"og:url\" content=\"http:\/\/www.mountainguide.ro\/ro\/?p=10233\" \/>\n<meta property=\"og:site_name\" content=\"Ghid montan\" \/>\n<meta property=\"article:publisher\" content=\"https:\/\/www.facebook.com\/mountainguide.ro\/\" \/>\n<meta property=\"article:published_time\" content=\"2014-01-15T15:30:29+00:00\" \/>\n<meta property=\"article:modified_time\" content=\"2025-01-21T13:34:49+00:00\" \/>\n<meta name=\"author\" content=\"Iulian Cozma\" \/>\n<meta name=\"twitter:card\" content=\"summary_large_image\" \/>\n<meta name=\"twitter:label1\" content=\"Scris de\" \/>\n\t<meta name=\"twitter:data1\" content=\"Iulian Cozma\" \/>\n<script type=\"application\/ld+json\" class=\"yoast-schema-graph\">{\"@context\":\"https:\\\/\\\/schema.org\",\"@graph\":[{\"@type\":\"Article\",\"@id\":\"https:\\\/\\\/www.mountainguide.ro\\\/en\\\/?p=10233#article\",\"isPartOf\":{\"@id\":\"https:\\\/\\\/www.mountainguide.ro\\\/en\\\/?p=10233\"},\"author\":{\"name\":\"Iulian Cozma\",\"@id\":\"https:\\\/\\\/www.mountainguide.ro\\\/en\\\/#\\\/schema\\\/person\\\/18a7fc93eec8ec6c3ddbc26bbe2ad443\"},\"headline\":\"&#8230; ja, es war eine tolle Woche mit dir als Bergf\u00fchrer.\",\"datePublished\":\"2014-01-15T15:30:29+00:00\",\"dateModified\":\"2025-01-21T13:34:49+00:00\",\"mainEntityOfPage\":{\"@id\":\"https:\\\/\\\/www.mountainguide.ro\\\/en\\\/?p=10233\"},\"wordCount\":103,\"articleSection\":[\"Impresii excursii montane\"],\"inLanguage\":\"ro-RO\"},{\"@type\":\"WebPage\",\"@id\":\"https:\\\/\\\/www.mountainguide.ro\\\/ro\\\/?p=10233\",\"url\":\"https:\\\/\\\/www.mountainguide.ro\\\/ro\\\/?p=10233\",\"name\":\"... ja, es war eine tolle Woche mit dir als Bergf\u00fchrer.\",\"isPartOf\":{\"@id\":\"https:\\\/\\\/www.mountainguide.ro\\\/ro\\\/#website\"},\"datePublished\":\"2014-01-15T15:30:29+00:00\",\"dateModified\":\"2025-01-21T13:34:49+00:00\",\"author\":{\"@id\":\"https:\\\/\\\/www.mountainguide.ro\\\/en\\\/#\\\/schema\\\/person\\\/18a7fc93eec8ec6c3ddbc26bbe2ad443\"},\"breadcrumb\":{\"@id\":\"https:\\\/\\\/www.mountainguide.ro\\\/ro\\\/?p=10233#breadcrumb\"},\"inLanguage\":\"ro-RO\",\"potentialAction\":[{\"@type\":\"ReadAction\",\"target\":[[\"https:\\\/\\\/www.mountainguide.ro\\\/ro\\\/?p=10233\"]]}]},{\"@type\":\"BreadcrumbList\",\"@id\":\"https:\\\/\\\/www.mountainguide.ro\\\/ro\\\/?p=10233#breadcrumb\",\"itemListElement\":[{\"@type\":\"ListItem\",\"position\":1,\"name\":\"Home\",\"item\":\"https:\\\/\\\/www.mountainguide.ro\\\/ro\\\/\"},{\"@type\":\"ListItem\",\"position\":2,\"name\":\"&#8230; ja, es war eine tolle Woche mit dir als Bergf\u00fchrer.\"}]},{\"@type\":\"WebSite\",\"@id\":\"https:\\\/\\\/www.mountainguide.ro\\\/ro\\\/#website\",\"url\":\"https:\\\/\\\/www.mountainguide.ro\\\/ro\\\/\",\"name\":\"Ghid montan\",\"description\":\"Drumetii montane, schi de tura, ture cu bicicleta \u00een Rom\u00e2nia\",\"potentialAction\":[{\"@type\":\"SearchAction\",\"target\":{\"@type\":\"EntryPoint\",\"urlTemplate\":\"https:\\\/\\\/www.mountainguide.ro\\\/ro\\\/?s={search_term_string}\"},\"query-input\":{\"@type\":\"PropertyValueSpecification\",\"valueRequired\":true,\"valueName\":\"search_term_string\"}}],\"inLanguage\":\"ro-RO\"},{\"@type\":\"Person\",\"@id\":\"https:\\\/\\\/www.mountainguide.ro\\\/en\\\/#\\\/schema\\\/person\\\/18a7fc93eec8ec6c3ddbc26bbe2ad443\",\"name\":\"Iulian Cozma\",\"sameAs\":[\"http:\\\/\\\/www.mountainguide.ro\"],\"url\":\"https:\\\/\\\/www.mountainguide.ro\\\/ro\\\/author\\\/iulica\\\/\"}]}<\/script>\n<!-- \/ Yoast SEO plugin. -->","yoast_head_json":{"title":"... ja, es war eine tolle Woche mit dir als Bergf\u00fchrer.","robots":{"index":"index","follow":"follow","max-snippet":"max-snippet:-1","max-image-preview":"max-image-preview:large","max-video-preview":"max-video-preview:-1"},"canonical":"https:\/\/www.mountainguide.ro\/ro\/?p=10233","og_locale":"ro_RO","og_type":"article","og_title":"... ja, es war eine tolle Woche mit dir als Bergf\u00fchrer.","og_description":"F\u00fcr mich war es eher eine Reflexions\u00fcbung, um den t\u00e4glichen Arbeitsstress etc. aus dem Kopf und auf andere Gedanken zu kommen. Hat tats\u00e4chlich funktioniert, da es f\u00fcr mich schon eine gewisse Anstrengung bedeutet hat. Ich f\u00fchlte mich von dir allerdings nicht unter Druck gesetzt &#8230; im Gegenteil. Den wichtigsten Satz, den ich mitnehmen konnte, lautet:... Cite\u0219te mai mult &raquo;","og_url":"http:\/\/www.mountainguide.ro\/ro\/?p=10233","og_site_name":"Ghid montan","article_publisher":"https:\/\/www.facebook.com\/mountainguide.ro\/","article_published_time":"2014-01-15T15:30:29+00:00","article_modified_time":"2025-01-21T13:34:49+00:00","author":"Iulian Cozma","twitter_card":"summary_large_image","twitter_misc":{"Scris de":"Iulian Cozma"},"schema":{"@context":"https:\/\/schema.org","@graph":[{"@type":"Article","@id":"https:\/\/www.mountainguide.ro\/en\/?p=10233#article","isPartOf":{"@id":"https:\/\/www.mountainguide.ro\/en\/?p=10233"},"author":{"name":"Iulian Cozma","@id":"https:\/\/www.mountainguide.ro\/en\/#\/schema\/person\/18a7fc93eec8ec6c3ddbc26bbe2ad443"},"headline":"&#8230; ja, es war eine tolle Woche mit dir als Bergf\u00fchrer.","datePublished":"2014-01-15T15:30:29+00:00","dateModified":"2025-01-21T13:34:49+00:00","mainEntityOfPage":{"@id":"https:\/\/www.mountainguide.ro\/en\/?p=10233"},"wordCount":103,"articleSection":["Impresii excursii montane"],"inLanguage":"ro-RO"},{"@type":"WebPage","@id":"https:\/\/www.mountainguide.ro\/ro\/?p=10233","url":"https:\/\/www.mountainguide.ro\/ro\/?p=10233","name":"... ja, es war eine tolle Woche mit dir als Bergf\u00fchrer.","isPartOf":{"@id":"https:\/\/www.mountainguide.ro\/ro\/#website"},"datePublished":"2014-01-15T15:30:29+00:00","dateModified":"2025-01-21T13:34:49+00:00","author":{"@id":"https:\/\/www.mountainguide.ro\/en\/#\/schema\/person\/18a7fc93eec8ec6c3ddbc26bbe2ad443"},"breadcrumb":{"@id":"https:\/\/www.mountainguide.ro\/ro\/?p=10233#breadcrumb"},"inLanguage":"ro-RO","potentialAction":[{"@type":"ReadAction","target":[["https:\/\/www.mountainguide.ro\/ro\/?p=10233"]]}]},{"@type":"BreadcrumbList","@id":"https:\/\/www.mountainguide.ro\/ro\/?p=10233#breadcrumb","itemListElement":[{"@type":"ListItem","position":1,"name":"Home","item":"https:\/\/www.mountainguide.ro\/ro\/"},{"@type":"ListItem","position":2,"name":"&#8230; ja, es war eine tolle Woche mit dir als Bergf\u00fchrer."}]},{"@type":"WebSite","@id":"https:\/\/www.mountainguide.ro\/ro\/#website","url":"https:\/\/www.mountainguide.ro\/ro\/","name":"Ghid montan","description":"Drumetii montane, schi de tura, ture cu bicicleta \u00een Rom\u00e2nia","potentialAction":[{"@type":"SearchAction","target":{"@type":"EntryPoint","urlTemplate":"https:\/\/www.mountainguide.ro\/ro\/?s={search_term_string}"},"query-input":{"@type":"PropertyValueSpecification","valueRequired":true,"valueName":"search_term_string"}}],"inLanguage":"ro-RO"},{"@type":"Person","@id":"https:\/\/www.mountainguide.ro\/en\/#\/schema\/person\/18a7fc93eec8ec6c3ddbc26bbe2ad443","name":"Iulian Cozma","sameAs":["http:\/\/www.mountainguide.ro"],"url":"https:\/\/www.mountainguide.ro\/ro\/author\/iulica\/"}]}},"_links":{"self":[{"href":"https:\/\/www.mountainguide.ro\/ro\/wp-json\/wp\/v2\/posts\/10233","targetHints":{"allow":["GET"]}}],"collection":[{"href":"https:\/\/www.mountainguide.ro\/ro\/wp-json\/wp\/v2\/posts"}],"about":[{"href":"https:\/\/www.mountainguide.ro\/ro\/wp-json\/wp\/v2\/types\/post"}],"author":[{"embeddable":true,"href":"https:\/\/www.mountainguide.ro\/ro\/wp-json\/wp\/v2\/users\/3"}],"replies":[{"embeddable":true,"href":"https:\/\/www.mountainguide.ro\/ro\/wp-json\/wp\/v2\/comments?post=10233"}],"version-history":[{"count":1,"href":"https:\/\/www.mountainguide.ro\/ro\/wp-json\/wp\/v2\/posts\/10233\/revisions"}],"predecessor-version":[{"id":10234,"href":"https:\/\/www.mountainguide.ro\/ro\/wp-json\/wp\/v2\/posts\/10233\/revisions\/10234"}],"wp:attachment":[{"href":"https:\/\/www.mountainguide.ro\/ro\/wp-json\/wp\/v2\/media?parent=10233"}],"wp:term":[{"taxonomy":"category","embeddable":true,"href":"https:\/\/www.mountainguide.ro\/ro\/wp-json\/wp\/v2\/categories?post=10233"},{"taxonomy":"post_tag","embeddable":true,"href":"https:\/\/www.mountainguide.ro\/ro\/wp-json\/wp\/v2\/tags?post=10233"}],"curies":[{"name":"wp","href":"https:\/\/api.w.org\/{rel}","templated":true}]}}