{"id":10064,"date":"2014-01-15T16:46:26","date_gmt":"2014-01-15T14:46:26","guid":{"rendered":"http:\/\/www.mountainguide.ro\/?p=10064"},"modified":"2025-01-21T15:34:51","modified_gmt":"2025-01-21T13:34:51","slug":"gudrun-eysturlid-torshavn-faroe-islands-april-2010","status":"publish","type":"post","link":"https:\/\/www.mountainguide.ro\/ro\/gudrun-eysturlid-torshavn-faroe-islands-april-2010\/","title":{"rendered":"Gu\u00f0run Eysturl\u00ed\u00f0 \u2013 T\u00f3rshavn, Faroe Islands \u2013 April 2010"},"content":{"rendered":"<p>\u00c1 p\u00e1skum 2010 var eg \u00ed Bucegi-fj\u00f8llunum saman vi\u00f0 Iulian Cozma, sum ein vinma\u00f0ur hev\u00f0i vi\u00f0m\u00e6lt m\u00e6r at br\u00faka sum fer\u00f0alei\u00f0ara. T\u00farurin byrja\u00f0i vi\u00f0, at Iulian kom vi\u00f0 m\u00e6r til Bukarest at keypa \u00fatger\u00f0, har eg fekk alt m\u00f8guligt fyri g\u00f3\u00f0ar pr\u00edsir, og s\u00ed\u00f0ani koyrdu vit su\u00f0ureftir m\u00f3ti Brasov, har t\u00farurin upp \u00ed fj\u00f8llini byrja\u00f0i dagin eftir. Ve\u00f0ri\u00f0 var ikki ta\u00f0 besta, tann fyrsta dagin var kavin \u00ed so v\u00e1tur og tungur til at kunna ganga vi\u00f0 j\u00f8rnum \u00e1 sk\u00f3num, og t\u00ed var ta\u00f0 \u00f3metaliga str\u00e6vi\u00f0 at ganga, ikki minst fyri eina, sum meg, sum eri \u00e1 byrjunarst\u00f8\u00f0i, hvat fjallaklintring vi\u00f0v\u00edkur. Dagin eftir var n\u00f3gvur vindur, so vit gingu ikki so leingi tann dagin, og f\u00f3ru ikki upp \u00e1 Omu peak, sum vit upprunaliga h\u00f8vdu \u00e6tla\u00f0 okkum. Vit yvirn\u00e1tta\u00f0u b\u00e1\u00f0ar n\u00e6turnar \u00ed 1950 m h\u00e6dd, \u00ed einum \u00edtr\u00f3ttarkompleksi, har rumenar venja til olympisku leikirnar, og ta\u00f0 var ein uppliving \u00ed sj\u00e1lvum s\u00e6r. Tann tri\u00f0ja dagin var h\u00f8gur himmal og s\u00f3l, og kavakl\u00e6dda landslagi\u00f0 kom veruliga til s\u00edn r\u00e6tt. Teir seinastu dagarnir v\u00f3r\u00f0u br\u00faktir ni\u00f0an fyri kavah\u00e6dd, \u00ed landslagnum kring Brasov, har eg eisini svav \u00ed tv\u00e6r n\u00e6tur. B\u00fdirnir Sinaia og Brasov eru \u00f3metaliga vakrir, og ta\u00f0 sama er landlagi\u00f0 kring teir. Millum anna\u00f0 v\u00f3ru vit ein g\u00f3\u00f0an gongut\u00far \u00ed haganum omanfyri Moeciu de Sus.<\/p>\n<p>\u00cd heila tiki\u00f0 er hetta \u00f8ki\u00f0 \u00ed Rumenia ein sonn perla. Og eg eri r\u00e6ttiliga v\u00eds \u00ed, at eg ikki havi veri\u00f0 her fyri seinastu fer\u00f0. Her er vakurt, s\u00f8gur\u00edkt, fj\u00f8lbroytt, sera fitt f\u00f3lk, g\u00f3\u00f0ur matur, b\u00edligt, ja, alt ta\u00f0, man sum fer\u00f0andi kann ynskja s\u00e6r av einum landi.<\/p>\n<p>Iulian kennir landslagi\u00f0 \u00fat og inn, og man kann trygt leggja s\u00edtt \u00e1lit \u00e1 hann; og eg hev\u00f0i heldur enn fegin fari\u00f0 avsta\u00f0 aftur saman vi\u00f0 honum. T\u00ed Iulian er \u00f3metaliga fittur, fyrikomandi, avslappa\u00f0ur, tolin, pliktuppfyllandi, samvitskufullur \u2013 OG v\u00e6lorganisera\u00f0ur. Hann er ein sera g\u00f3\u00f0ur fer\u00f0alei\u00f0ari og fer\u00f0afelagi.<\/p>\n<p><b>Gu\u00f0run Eysturl\u00ed\u00f0 \u2013 T\u00f3rshavn, Faroe Islands \u2013 April 2010<\/b><\/p>\n","protected":false},"excerpt":{"rendered":"<p>\u00c1 p\u00e1skum 2010 var eg \u00ed Bucegi-fj\u00f8llunum saman vi\u00f0 Iulian Cozma, sum ein vinma\u00f0ur hev\u00f0i vi\u00f0m\u00e6lt m\u00e6r at br\u00faka sum fer\u00f0alei\u00f0ara. T\u00farurin byrja\u00f0i vi\u00f0, at Iulian kom vi\u00f0 m\u00e6r til Bukarest at keypa \u00fatger\u00f0, har eg fekk alt m\u00f8guligt fyri g\u00f3\u00f0ar pr\u00edsir, og s\u00ed\u00f0ani koyrdu vit su\u00f0ureftir m\u00f3ti Brasov, har t\u00farurin upp \u00ed fj\u00f8llini byrja\u00f0i&#8230;  <a class=\"excerpt-read-more\" href=\"https:\/\/www.mountainguide.ro\/ro\/gudrun-eysturlid-torshavn-faroe-islands-april-2010\/\" title=\"Read Gu\u00f0run Eysturl\u00ed\u00f0 \u2013 T\u00f3rshavn, Faroe Islands \u2013 April 2010\">Cite\u0219te mai mult &raquo;<\/a><\/p>\n","protected":false},"author":3,"featured_media":0,"comment_status":"closed","ping_status":"closed","sticky":false,"template":"","format":"standard","meta":{"footnotes":""},"categories":[570],"tags":[],"class_list":["post-10064","post","type-post","status-publish","format-standard","hentry","category-snow-testimonials"],"yoast_head":"<!-- This site is optimized with the Yoast SEO plugin v27.5 - https:\/\/yoast.com\/product\/yoast-seo-wordpress\/ -->\n<title>Gu\u00f0run Eysturl\u00ed\u00f0 \u2013 T\u00f3rshavn, Faroe Islands \u2013 April 2010<\/title>\n<meta name=\"robots\" content=\"index, follow, max-snippet:-1, max-image-preview:large, max-video-preview:-1\" \/>\n<link rel=\"canonical\" href=\"https:\/\/www.mountainguide.ro\/ro\/?p=10064\" \/>\n<meta property=\"og:locale\" content=\"ro_RO\" \/>\n<meta property=\"og:type\" content=\"article\" \/>\n<meta property=\"og:title\" content=\"Gu\u00f0run Eysturl\u00ed\u00f0 \u2013 T\u00f3rshavn, Faroe Islands \u2013 April 2010\" \/>\n<meta property=\"og:description\" content=\"\u00c1 p\u00e1skum 2010 var eg \u00ed Bucegi-fj\u00f8llunum saman vi\u00f0 Iulian Cozma, sum ein vinma\u00f0ur hev\u00f0i vi\u00f0m\u00e6lt m\u00e6r at br\u00faka sum fer\u00f0alei\u00f0ara. T\u00farurin byrja\u00f0i vi\u00f0, at Iulian kom vi\u00f0 m\u00e6r til Bukarest at keypa \u00fatger\u00f0, har eg fekk alt m\u00f8guligt fyri g\u00f3\u00f0ar pr\u00edsir, og s\u00ed\u00f0ani koyrdu vit su\u00f0ureftir m\u00f3ti Brasov, har t\u00farurin upp \u00ed fj\u00f8llini byrja\u00f0i... Cite\u0219te mai mult &raquo;\" \/>\n<meta property=\"og:url\" content=\"http:\/\/www.mountainguide.ro\/ro\/?p=10064\" \/>\n<meta property=\"og:site_name\" content=\"Ghid montan\" \/>\n<meta property=\"article:publisher\" content=\"https:\/\/www.facebook.com\/mountainguide.ro\/\" \/>\n<meta property=\"article:published_time\" content=\"2014-01-15T14:46:26+00:00\" \/>\n<meta property=\"article:modified_time\" content=\"2025-01-21T13:34:51+00:00\" \/>\n<meta name=\"author\" content=\"Iulian Cozma\" \/>\n<meta name=\"twitter:card\" content=\"summary_large_image\" \/>\n<meta name=\"twitter:label1\" content=\"Scris de\" \/>\n\t<meta name=\"twitter:data1\" content=\"Iulian Cozma\" \/>\n\t<meta name=\"twitter:label2\" content=\"Timp estimat pentru citire\" \/>\n\t<meta name=\"twitter:data2\" content=\"2 minute\" \/>\n<script type=\"application\/ld+json\" class=\"yoast-schema-graph\">{\"@context\":\"https:\\\/\\\/schema.org\",\"@graph\":[{\"@type\":\"Article\",\"@id\":\"https:\\\/\\\/www.mountainguide.ro\\\/en\\\/?p=10064#article\",\"isPartOf\":{\"@id\":\"https:\\\/\\\/www.mountainguide.ro\\\/en\\\/?p=10064\"},\"author\":{\"name\":\"Iulian Cozma\",\"@id\":\"https:\\\/\\\/www.mountainguide.ro\\\/en\\\/#\\\/schema\\\/person\\\/18a7fc93eec8ec6c3ddbc26bbe2ad443\"},\"headline\":\"Gu\u00f0run Eysturl\u00ed\u00f0 \u2013 T\u00f3rshavn, Faroe Islands \u2013 April 2010\",\"datePublished\":\"2014-01-15T14:46:26+00:00\",\"dateModified\":\"2025-01-21T13:34:51+00:00\",\"mainEntityOfPage\":{\"@id\":\"https:\\\/\\\/www.mountainguide.ro\\\/en\\\/?p=10064\"},\"wordCount\":384,\"articleSection\":[\"Impresii de la turisti, ski de tura in Romania\"],\"inLanguage\":\"ro-RO\"},{\"@type\":\"WebPage\",\"@id\":\"https:\\\/\\\/www.mountainguide.ro\\\/ro\\\/?p=10064\",\"url\":\"https:\\\/\\\/www.mountainguide.ro\\\/ro\\\/?p=10064\",\"name\":\"Gu\u00f0run Eysturl\u00ed\u00f0 \u2013 T\u00f3rshavn, Faroe Islands \u2013 April 2010\",\"isPartOf\":{\"@id\":\"https:\\\/\\\/www.mountainguide.ro\\\/ro\\\/#website\"},\"datePublished\":\"2014-01-15T14:46:26+00:00\",\"dateModified\":\"2025-01-21T13:34:51+00:00\",\"author\":{\"@id\":\"https:\\\/\\\/www.mountainguide.ro\\\/en\\\/#\\\/schema\\\/person\\\/18a7fc93eec8ec6c3ddbc26bbe2ad443\"},\"breadcrumb\":{\"@id\":\"https:\\\/\\\/www.mountainguide.ro\\\/ro\\\/?p=10064#breadcrumb\"},\"inLanguage\":\"ro-RO\",\"potentialAction\":[{\"@type\":\"ReadAction\",\"target\":[[\"https:\\\/\\\/www.mountainguide.ro\\\/ro\\\/?p=10064\"]]}]},{\"@type\":\"BreadcrumbList\",\"@id\":\"https:\\\/\\\/www.mountainguide.ro\\\/ro\\\/?p=10064#breadcrumb\",\"itemListElement\":[{\"@type\":\"ListItem\",\"position\":1,\"name\":\"Home\",\"item\":\"https:\\\/\\\/www.mountainguide.ro\\\/ro\\\/\"},{\"@type\":\"ListItem\",\"position\":2,\"name\":\"Gu\u00f0run Eysturl\u00ed\u00f0 \u2013 T\u00f3rshavn, Faroe Islands \u2013 April 2010\"}]},{\"@type\":\"WebSite\",\"@id\":\"https:\\\/\\\/www.mountainguide.ro\\\/ro\\\/#website\",\"url\":\"https:\\\/\\\/www.mountainguide.ro\\\/ro\\\/\",\"name\":\"Ghid montan\",\"description\":\"Drumetii montane, schi de tura, ture cu bicicleta \u00een Rom\u00e2nia\",\"potentialAction\":[{\"@type\":\"SearchAction\",\"target\":{\"@type\":\"EntryPoint\",\"urlTemplate\":\"https:\\\/\\\/www.mountainguide.ro\\\/ro\\\/?s={search_term_string}\"},\"query-input\":{\"@type\":\"PropertyValueSpecification\",\"valueRequired\":true,\"valueName\":\"search_term_string\"}}],\"inLanguage\":\"ro-RO\"},{\"@type\":\"Person\",\"@id\":\"https:\\\/\\\/www.mountainguide.ro\\\/en\\\/#\\\/schema\\\/person\\\/18a7fc93eec8ec6c3ddbc26bbe2ad443\",\"name\":\"Iulian Cozma\",\"sameAs\":[\"http:\\\/\\\/www.mountainguide.ro\"],\"url\":\"https:\\\/\\\/www.mountainguide.ro\\\/ro\\\/author\\\/iulica\\\/\"}]}<\/script>\n<!-- \/ Yoast SEO plugin. -->","yoast_head_json":{"title":"Gu\u00f0run Eysturl\u00ed\u00f0 \u2013 T\u00f3rshavn, Faroe Islands \u2013 April 2010","robots":{"index":"index","follow":"follow","max-snippet":"max-snippet:-1","max-image-preview":"max-image-preview:large","max-video-preview":"max-video-preview:-1"},"canonical":"https:\/\/www.mountainguide.ro\/ro\/?p=10064","og_locale":"ro_RO","og_type":"article","og_title":"Gu\u00f0run Eysturl\u00ed\u00f0 \u2013 T\u00f3rshavn, Faroe Islands \u2013 April 2010","og_description":"\u00c1 p\u00e1skum 2010 var eg \u00ed Bucegi-fj\u00f8llunum saman vi\u00f0 Iulian Cozma, sum ein vinma\u00f0ur hev\u00f0i vi\u00f0m\u00e6lt m\u00e6r at br\u00faka sum fer\u00f0alei\u00f0ara. T\u00farurin byrja\u00f0i vi\u00f0, at Iulian kom vi\u00f0 m\u00e6r til Bukarest at keypa \u00fatger\u00f0, har eg fekk alt m\u00f8guligt fyri g\u00f3\u00f0ar pr\u00edsir, og s\u00ed\u00f0ani koyrdu vit su\u00f0ureftir m\u00f3ti Brasov, har t\u00farurin upp \u00ed fj\u00f8llini byrja\u00f0i... Cite\u0219te mai mult &raquo;","og_url":"http:\/\/www.mountainguide.ro\/ro\/?p=10064","og_site_name":"Ghid montan","article_publisher":"https:\/\/www.facebook.com\/mountainguide.ro\/","article_published_time":"2014-01-15T14:46:26+00:00","article_modified_time":"2025-01-21T13:34:51+00:00","author":"Iulian Cozma","twitter_card":"summary_large_image","twitter_misc":{"Scris de":"Iulian Cozma","Timp estimat pentru citire":"2 minute"},"schema":{"@context":"https:\/\/schema.org","@graph":[{"@type":"Article","@id":"https:\/\/www.mountainguide.ro\/en\/?p=10064#article","isPartOf":{"@id":"https:\/\/www.mountainguide.ro\/en\/?p=10064"},"author":{"name":"Iulian Cozma","@id":"https:\/\/www.mountainguide.ro\/en\/#\/schema\/person\/18a7fc93eec8ec6c3ddbc26bbe2ad443"},"headline":"Gu\u00f0run Eysturl\u00ed\u00f0 \u2013 T\u00f3rshavn, Faroe Islands \u2013 April 2010","datePublished":"2014-01-15T14:46:26+00:00","dateModified":"2025-01-21T13:34:51+00:00","mainEntityOfPage":{"@id":"https:\/\/www.mountainguide.ro\/en\/?p=10064"},"wordCount":384,"articleSection":["Impresii de la turisti, ski de tura in Romania"],"inLanguage":"ro-RO"},{"@type":"WebPage","@id":"https:\/\/www.mountainguide.ro\/ro\/?p=10064","url":"https:\/\/www.mountainguide.ro\/ro\/?p=10064","name":"Gu\u00f0run Eysturl\u00ed\u00f0 \u2013 T\u00f3rshavn, Faroe Islands \u2013 April 2010","isPartOf":{"@id":"https:\/\/www.mountainguide.ro\/ro\/#website"},"datePublished":"2014-01-15T14:46:26+00:00","dateModified":"2025-01-21T13:34:51+00:00","author":{"@id":"https:\/\/www.mountainguide.ro\/en\/#\/schema\/person\/18a7fc93eec8ec6c3ddbc26bbe2ad443"},"breadcrumb":{"@id":"https:\/\/www.mountainguide.ro\/ro\/?p=10064#breadcrumb"},"inLanguage":"ro-RO","potentialAction":[{"@type":"ReadAction","target":[["https:\/\/www.mountainguide.ro\/ro\/?p=10064"]]}]},{"@type":"BreadcrumbList","@id":"https:\/\/www.mountainguide.ro\/ro\/?p=10064#breadcrumb","itemListElement":[{"@type":"ListItem","position":1,"name":"Home","item":"https:\/\/www.mountainguide.ro\/ro\/"},{"@type":"ListItem","position":2,"name":"Gu\u00f0run Eysturl\u00ed\u00f0 \u2013 T\u00f3rshavn, Faroe Islands \u2013 April 2010"}]},{"@type":"WebSite","@id":"https:\/\/www.mountainguide.ro\/ro\/#website","url":"https:\/\/www.mountainguide.ro\/ro\/","name":"Ghid montan","description":"Drumetii montane, schi de tura, ture cu bicicleta \u00een Rom\u00e2nia","potentialAction":[{"@type":"SearchAction","target":{"@type":"EntryPoint","urlTemplate":"https:\/\/www.mountainguide.ro\/ro\/?s={search_term_string}"},"query-input":{"@type":"PropertyValueSpecification","valueRequired":true,"valueName":"search_term_string"}}],"inLanguage":"ro-RO"},{"@type":"Person","@id":"https:\/\/www.mountainguide.ro\/en\/#\/schema\/person\/18a7fc93eec8ec6c3ddbc26bbe2ad443","name":"Iulian Cozma","sameAs":["http:\/\/www.mountainguide.ro"],"url":"https:\/\/www.mountainguide.ro\/ro\/author\/iulica\/"}]}},"_links":{"self":[{"href":"https:\/\/www.mountainguide.ro\/ro\/wp-json\/wp\/v2\/posts\/10064","targetHints":{"allow":["GET"]}}],"collection":[{"href":"https:\/\/www.mountainguide.ro\/ro\/wp-json\/wp\/v2\/posts"}],"about":[{"href":"https:\/\/www.mountainguide.ro\/ro\/wp-json\/wp\/v2\/types\/post"}],"author":[{"embeddable":true,"href":"https:\/\/www.mountainguide.ro\/ro\/wp-json\/wp\/v2\/users\/3"}],"replies":[{"embeddable":true,"href":"https:\/\/www.mountainguide.ro\/ro\/wp-json\/wp\/v2\/comments?post=10064"}],"version-history":[{"count":1,"href":"https:\/\/www.mountainguide.ro\/ro\/wp-json\/wp\/v2\/posts\/10064\/revisions"}],"predecessor-version":[{"id":10065,"href":"https:\/\/www.mountainguide.ro\/ro\/wp-json\/wp\/v2\/posts\/10064\/revisions\/10065"}],"wp:attachment":[{"href":"https:\/\/www.mountainguide.ro\/ro\/wp-json\/wp\/v2\/media?parent=10064"}],"wp:term":[{"taxonomy":"category","embeddable":true,"href":"https:\/\/www.mountainguide.ro\/ro\/wp-json\/wp\/v2\/categories?post=10064"},{"taxonomy":"post_tag","embeddable":true,"href":"https:\/\/www.mountainguide.ro\/ro\/wp-json\/wp\/v2\/tags?post=10064"}],"curies":[{"name":"wp","href":"https:\/\/api.w.org\/{rel}","templated":true}]}}