{"id":5057,"date":"2011-08-29T18:20:39","date_gmt":"2011-08-29T15:20:39","guid":{"rendered":"http:\/\/www.mountainguide.ro\/?p=5057"},"modified":"2025-01-21T15:35:03","modified_gmt":"2025-01-21T13:35:03","slug":"wandern-und-kultur-in-transsilvanien","status":"publish","type":"post","link":"https:\/\/www.mountainguide.ro\/en\/wandern-und-kultur-in-transsilvanien\/","title":{"rendered":"Wandern und Kultur in Transsilvanien"},"content":{"rendered":"<p><img loading=\"lazy\" decoding=\"async\" class=\"aligncenter size-full wp-image-5062\" title=\"Wandern und Kultur in Transsilvanien\" alt=\"\" src=\"http:\/\/www.mountainguide.ro\/wp-content\/uploads\/2011\/09\/cover-01.jpg\" width=\"630\" height=\"420\" srcset=\"https:\/\/www.mountainguide.ro\/wp-content\/uploads\/2011\/09\/cover-01.jpg 630w, https:\/\/www.mountainguide.ro\/wp-content\/uploads\/2011\/09\/cover-01-300x200.jpg 300w\" sizes=\"auto, (max-width: 630px) 100vw, 630px\" \/><strong>\u00a0100% Rum\u00e4nien, 100% Sommer, 100% Urlaub<\/strong><\/p>\n<p>Hallo,<\/p>\n<p>zwischen dem 13 und 20 August bin ich zusammen mit Oli und Annika im Baiului- und Bucegigebirge sowie im Brangebiet und Piatra-Craiului-Gebirge (K\u00f6nigstein) unterwegs gewesen. Es war ein wundersch\u00f6ne Tour und trotz der Hitze und des\u00a0 im Stau Stehens\u00a0 haben wir die herrliche Landschaft und autentische rum\u00e4nische<\/p>\n<p>Erlebnisse genossen. Wie Oli und Annika meinten: \u201eWenn wir alles wie in Deutschland haben wollten dann w\u00e4ren wir lieber zu Hause geblieben\u201c. Ihr bewundernswerter Standpunkt bez\u00fcglich Reisen\u00a0 hat mich pers\u00f6nlich\u00a0 zum Nachdenken veranlasst.<\/p>\n<p>Jedoch zur\u00fcck zu der Tour.\u00a0 Wir sind am ersten Abend in Sinaia gewesen und ziemlich sp\u00e4t beim Kloster Sinaia angekommen. Weit entfernt von der Tageshektik hat uns der milde und authentische Gesang der Pfarrer bezaubert.<\/p>\n<p>Am zweiten Tag waren wir beim Schlo\u00df Peles \u2013 ein Wahrzeichen Rum\u00e4niens. Obwohl wir fr\u00fch da waren, sind wir auf viele Touristen gesto\u00dfen, jedoch verliert das Schlo\u00df seinen Reiz trotzdem nicht. Anschlie\u00dfend sind wir ins Baiuluigebirge gegangen, von wo\u00a0 man einen wundersch\u00f6nen Ausblick auf den 1700 Meter hohe Osthang des Bucegigebirge hat \u2013 ein beeindruckendes Gef\u00fchl.<\/p>\n<p>Den dritten Tag auf dem Bucegiplateau haben wir mit Warten angefangen und beendet \u2013 entweder in der Schlange bei der Seilbahn oder im Stau.\u00a0 Allerdings wurden wir von der Sch\u00f6nheit der Berge, dem ungest\u00fcm erscheinenden Sfinx sowie dem Omugipfel, der mit 2505 Metern der h\u00f6chste erreichte Punkt war, entsch\u00e4digt.\u00a0 Vor der Hitze haben uns hin und wieder Wolken und Nebel gesch\u00fctzt. Leider haben wir an manchen stellen auch Gel\u00e4ndewagen, welche hier oben nichts zu suchen haben, gekreuzt.<\/p>\n<p>Die n\u00e4chsten drei Tage haben wir zwischen Vestseite des Bucegigebirge und Ostseite des Piatra Craiului (K\u00f6nigsteins) verbracht.<\/p>\n<p>Begonnen haben wir mit einer Wanderung im Dorfgebiet Moeciu-Simon und haben diese beim Schlo\u00df Bran beendet; \u00e4hnlich wie die Tour im Juni.Wir sind wieder auf sonnigen Pfaden gelaufen, haben die Sch\u00f6nheit dieses Ortes geno\u00dfen und zugeschaut wie die Menschen mit traditionellen Ger\u00e4ten arbeiten.\u00a0 An diesen Platz kann man stets zur\u00fcckkehren, da es jedes Mal eine beseondere Erfahrung ist.<\/p>\n<p>Die Besichtigung der D\u00f6rfer Fundata und Fundatica war ein Ausbruch aus der echten Welt. Hier\u00a0 schien die Zeit still zu stehen\u00a0 und weil unsere Tour sehr entspannt war, hatten wir Zeit in die Ruhe dieser Orte weitab der Stadthektik einzutauchen.<\/p>\n<p>An unserem vorletzten Tag sind wir zum Casa Folea (Folea Haus) gegangen, welches einen Ausbruch\u00a0 aus allem \u00dcblichen \u2013 Alltag, Rutine, Hektik \u2013 darstellt. Wir haben wieder sch\u00f6ne Landschaften gesehen und wurden sehr herzlich und mit offenen Armen empfangen. Nachmittags haben wir den Pferch unserer Wirte besucht und den Sch\u00e4fer beim K\u00fchemelken zugeschaut . Nacher folgte eine Traumnacht; die Sterne als einzige Lichtquelle feuerten Geist und Fantasie an.<\/p>\n<p>Morgens hat uns ein wundersch\u00f6ner Sonneaufgang\u00a0 auf einen hei\u00dfen Tag eingestellt. Wir haben unsere Wirte, die sich sehr um uns gek\u00fcmmert haben, schwer verlassen. W\u00e4hrend des Tages haben wir am Fu\u00dfe des Piatra-Craiului-Gebirges jedes Bisschen Schatten sehr genossenund auch die K\u00fchle der Zarnestischlucht (Prapastiile Zarnestilor). In\u00a0 Gura Raului sind wir schlie\u00dflich von der Hitze erschlagen angekommen.<\/p>\n<p>Abends sind wir\u00a0 mit dem Gef\u00fchl aus einer anderen Welt zur\u00fcckzukehren nach Brasov\/Kronstadt zur\u00fcckgefahren. Die Belebtheit einer sehr sch\u00f6nen Touristenstadt hat uns erfasst und wir haben diese\u00a0 auch durch die Sch\u00e4tze von Geocaching (satellitengest\u00fctzte Schnitzeljagd) erlebt.<\/p>\n<p>W\u00e4hrend der ganzen Tour, war das Geocaching immer ein Grund noch mehr Spa\u00df zu haben und die Freude wenn wir einen neuen \u201eCache\u201c entedeckt haben,\u00a0 hat mir pes\u00f6nlich den Apetit f\u00fcr solche Aktivit\u00e4ten geweckt.<\/p>\n<p>Insgesamt war es eine wundersch\u00f6ne Tour mit besonderen Menschen und wir haben 100% Rum\u00e4nien mit allem drum und dran erlebt .<\/p>\n<p>Ich w\u00fcnsche euch sch\u00f6ne Tage und bis zum n\u00e4chsten Mal,<\/p>\n<p><strong>Mihai<\/strong><\/p>\n<hr size=\"1\" \/>\n<p><strong>Reiseberichte Wandertour \u201eWandern und Kultur in Transsilvanien\u201c vom 13.08.2011 bis 20.08.2011<\/strong><\/p>\n<p>Eine Woche wandern in Rum\u00e4nien? Das stellte uns bereits vor dem Hinflug vor viele Fragen. Aus dem verregneten Deutschland bef\u00fcrchteten wir zwei (Oliver und Annika), auch in Rum\u00e4nien auf schlechtes Wetter zu sto\u00dfen. M\u00fcssten wir evtl. im Regen wandern? Wie w\u00fcrden wir die Touren \u00fcberstehen als untrainierte Norddeutsche ohne Bergerfahrung? Und wie w\u00fcrde unser Guide sein? Immerhin sollten wir eine Woche gemeinsam verbringen. Doch bereits am Flughafen erwarteten uns die ersten zwei positive \u00dcberraschung in Form einer vom blauen Himmel strahlenden Sonne und unseres ebenso strahlenden, sympatischen und perfekt deutsch sprechenden Guides Mihai, der uns schon am Flughafen erwartete. Innerhalb von 10 Minuten war das Eis gebrochen und wir wussten, dass diese Woche perfekt werden und wir uns gut verstehen w\u00fcrden.<br \/>\nUnd die Woche wurde perfekt. Ein wunderbar ausgearbeitetes Programm aus Naturwanderung und Kultur und Geschichte erwartete uns. Und nachdem wir am zweiten Tag (nach einer Einf\u00fchrung von Mihai in die richtige Nutzung von Wanderst\u00f6cken ) die erste Wanderung und den ersten Aufstieg auf den immerhin 1.520 Meter hohen Gipfel des Clabucetul Taurului geschafft hatten und \u00fcber die beeindruckende Landschaft blickten, da stelleten wir erleichtert fest, dass unsere Kondition f\u00fcr diesen Urlaub reichen w\u00fcrde.<br \/>\nDie rum\u00e4nische Landschaft mit ihrer Abwechslung und ihrer Sch\u00f6nheit beeindruckte uns sehr. Besonders die westliche Seite des Bucegi-Gebirges mit Cheia, Simon und dem Dorf Fundata bezauberte uns. Am tiefsten hat sich aber wohl unsere Wanderung in die Pension Casa Folea in unsere Erinnerung eingebrannt, in der wir eine Nacht verbrachten. Hier lernten wir unglaublich nette und sympatische Gastgeber kennen, die mit ihren hinrei\u00dfenden Hunden und Katzen in absoluter urspr\u00fcnglichkeit leben. Und nicht zu vergessen, mit dem besten Pfefferminztee, den wir jemals getrunken haben. Diesen Ort k\u00f6nnen wir nur jedem Rum\u00e4nien-Besucher empfehlen.<br \/>\nNoch ein Wort zu unserem Guide Mihai, der uns eine Woche alle dummen Fragen beantwortet hat, der nie die Geduld verloren hat, wenn wir alle 20 Meter eine Foto-, Verschnauf- oder Geocashing-Pause brauchten und der an den letzten Tagen sogar unser Wasser trug, als die Kr\u00e4fte doch ein wenig nachliessen: Danke Mihai f\u00fcr den Spa\u00df den wir miteinander hatten, f\u00fcr deine Kompetenz und all die interssanten Informationen, die du uns \u00fcber das Land zu erz\u00e4hlen hattest und ein besonderer Dank an Dich als besten und ruhigsten Autofahrern, den wir in Rum\u00e4nien erleben durften. Du warst ein gro\u00dfer Faktor, dass dieser Urlaub zu einem absoluten Highlight wurde. Wir werden gerne wieder Dein sch\u00f6nes Land besuchen und hoffen, dass Du uns auch dann wieder als Guide und Freund zur Verf\u00fcgung stehen wirst. Wir kommen gerne wieder!<br \/>\nLa revedere!<br \/>\n<strong>Annika und Olli, \u00a0Deutschland, August 2011<\/strong><\/p>\n\n\t\t<style type=\"text\/css\">\n\t\t\t#gallery-1 {\n\t\t\t\tmargin: auto;\n\t\t\t}\n\t\t\t#gallery-1 .gallery-item {\n\t\t\t\tfloat: left;\n\t\t\t\tmargin-top: 10px;\n\t\t\t\ttext-align: center;\n\t\t\t\twidth: 16%;\n\t\t\t}\n\t\t\t#gallery-1 img {\n\t\t\t\tborder: 2px solid #cfcfcf;\n\t\t\t}\n\t\t\t#gallery-1 .gallery-caption {\n\t\t\t\tmargin-left: 0;\n\t\t\t}\n\t\t\t\/* see gallery_shortcode() in wp-includes\/media.php *\/\n\t\t<\/style>\n\t\t<div id='gallery-1' class='gallery galleryid-5057 gallery-columns-6 gallery-size-thumbnail'><dl class='gallery-item'>\n\t\t\t<dt class='gallery-icon landscape'>\n\t\t\t\t<a href='https:\/\/www.mountainguide.ro\/wp-content\/uploads\/2011\/09\/cover-01.jpg' rel=\"lightbox[5057]\"><img loading=\"lazy\" decoding=\"async\" width=\"100\" height=\"100\" src=\"https:\/\/www.mountainguide.ro\/wp-content\/uploads\/2011\/09\/cover-01-100x100.jpg\" class=\"attachment-thumbnail size-thumbnail\" alt=\"\" \/><\/a>\n\t\t\t<\/dt><\/dl><dl class='gallery-item'>\n\t\t\t<dt class='gallery-icon landscape'>\n\t\t\t\t<a href='https:\/\/www.mountainguide.ro\/wp-content\/uploads\/2011\/09\/IMG_1739.jpg' rel=\"lightbox[5057]\"><img loading=\"lazy\" decoding=\"async\" width=\"100\" height=\"100\" src=\"https:\/\/www.mountainguide.ro\/wp-content\/uploads\/2011\/09\/IMG_1739-100x100.jpg\" class=\"attachment-thumbnail size-thumbnail\" alt=\"\" \/><\/a>\n\t\t\t<\/dt><\/dl><dl class='gallery-item'>\n\t\t\t<dt class='gallery-icon landscape'>\n\t\t\t\t<a href='https:\/\/www.mountainguide.ro\/wp-content\/uploads\/2011\/09\/IMG_1769.jpg' rel=\"lightbox[5057]\"><img loading=\"lazy\" decoding=\"async\" width=\"100\" height=\"100\" src=\"https:\/\/www.mountainguide.ro\/wp-content\/uploads\/2011\/09\/IMG_1769-100x100.jpg\" class=\"attachment-thumbnail size-thumbnail\" alt=\"\" \/><\/a>\n\t\t\t<\/dt><\/dl><dl class='gallery-item'>\n\t\t\t<dt class='gallery-icon landscape'>\n\t\t\t\t<a href='https:\/\/www.mountainguide.ro\/wp-content\/uploads\/2011\/09\/IMG_1788.jpg' rel=\"lightbox[5057]\"><img loading=\"lazy\" decoding=\"async\" width=\"100\" height=\"100\" src=\"https:\/\/www.mountainguide.ro\/wp-content\/uploads\/2011\/09\/IMG_1788-100x100.jpg\" class=\"attachment-thumbnail size-thumbnail\" alt=\"\" \/><\/a>\n\t\t\t<\/dt><\/dl><dl class='gallery-item'>\n\t\t\t<dt class='gallery-icon landscape'>\n\t\t\t\t<a href='https:\/\/www.mountainguide.ro\/wp-content\/uploads\/2011\/09\/IMG_1808.jpg' rel=\"lightbox[5057]\"><img loading=\"lazy\" decoding=\"async\" width=\"100\" height=\"100\" src=\"https:\/\/www.mountainguide.ro\/wp-content\/uploads\/2011\/09\/IMG_1808-100x100.jpg\" class=\"attachment-thumbnail size-thumbnail\" alt=\"\" \/><\/a>\n\t\t\t<\/dt><\/dl><dl class='gallery-item'>\n\t\t\t<dt class='gallery-icon landscape'>\n\t\t\t\t<a href='https:\/\/www.mountainguide.ro\/wp-content\/uploads\/2011\/09\/IMG_1821.jpg' rel=\"lightbox[5057]\"><img loading=\"lazy\" decoding=\"async\" width=\"100\" height=\"100\" src=\"https:\/\/www.mountainguide.ro\/wp-content\/uploads\/2011\/09\/IMG_1821-100x100.jpg\" class=\"attachment-thumbnail size-thumbnail\" alt=\"\" \/><\/a>\n\t\t\t<\/dt><\/dl><br style=\"clear: both\" \/><dl class='gallery-item'>\n\t\t\t<dt class='gallery-icon landscape'>\n\t\t\t\t<a href='https:\/\/www.mountainguide.ro\/wp-content\/uploads\/2011\/09\/IMG_1842.jpg' rel=\"lightbox[5057]\"><img loading=\"lazy\" decoding=\"async\" width=\"100\" height=\"100\" src=\"https:\/\/www.mountainguide.ro\/wp-content\/uploads\/2011\/09\/IMG_1842-100x100.jpg\" class=\"attachment-thumbnail size-thumbnail\" alt=\"\" \/><\/a>\n\t\t\t<\/dt><\/dl><dl class='gallery-item'>\n\t\t\t<dt class='gallery-icon portrait'>\n\t\t\t\t<a href='https:\/\/www.mountainguide.ro\/wp-content\/uploads\/2011\/09\/IMG_1853.jpg' rel=\"lightbox[5057]\"><img loading=\"lazy\" decoding=\"async\" width=\"100\" height=\"100\" src=\"https:\/\/www.mountainguide.ro\/wp-content\/uploads\/2011\/09\/IMG_1853-100x100.jpg\" class=\"attachment-thumbnail size-thumbnail\" alt=\"\" \/><\/a>\n\t\t\t<\/dt><\/dl><dl class='gallery-item'>\n\t\t\t<dt class='gallery-icon landscape'>\n\t\t\t\t<a href='https:\/\/www.mountainguide.ro\/wp-content\/uploads\/2011\/09\/IMG_1875.jpg' rel=\"lightbox[5057]\"><img loading=\"lazy\" decoding=\"async\" width=\"100\" height=\"100\" src=\"https:\/\/www.mountainguide.ro\/wp-content\/uploads\/2011\/09\/IMG_1875-100x100.jpg\" class=\"attachment-thumbnail size-thumbnail\" alt=\"\" \/><\/a>\n\t\t\t<\/dt><\/dl><dl class='gallery-item'>\n\t\t\t<dt class='gallery-icon landscape'>\n\t\t\t\t<a href='https:\/\/www.mountainguide.ro\/wp-content\/uploads\/2011\/09\/IMG_1882.jpg' rel=\"lightbox[5057]\"><img loading=\"lazy\" decoding=\"async\" width=\"100\" height=\"100\" src=\"https:\/\/www.mountainguide.ro\/wp-content\/uploads\/2011\/09\/IMG_1882-100x100.jpg\" class=\"attachment-thumbnail size-thumbnail\" alt=\"\" \/><\/a>\n\t\t\t<\/dt><\/dl><dl class='gallery-item'>\n\t\t\t<dt class='gallery-icon landscape'>\n\t\t\t\t<a href='https:\/\/www.mountainguide.ro\/wp-content\/uploads\/2011\/09\/IMG_1895.jpg' rel=\"lightbox[5057]\"><img loading=\"lazy\" decoding=\"async\" width=\"100\" height=\"67\" src=\"https:\/\/www.mountainguide.ro\/wp-content\/uploads\/2011\/09\/IMG_1895.jpg\" class=\"attachment-thumbnail size-thumbnail\" alt=\"\" srcset=\"https:\/\/www.mountainguide.ro\/wp-content\/uploads\/2011\/09\/IMG_1895.jpg 800w, https:\/\/www.mountainguide.ro\/wp-content\/uploads\/2011\/09\/IMG_1895-330x220.jpg 330w\" sizes=\"auto, (max-width: 100px) 100vw, 100px\" \/><\/a>\n\t\t\t<\/dt><\/dl><dl class='gallery-item'>\n\t\t\t<dt class='gallery-icon landscape'>\n\t\t\t\t<a href='https:\/\/www.mountainguide.ro\/wp-content\/uploads\/2011\/09\/IMG_1919.jpg' rel=\"lightbox[5057]\"><img loading=\"lazy\" decoding=\"async\" width=\"100\" height=\"100\" src=\"https:\/\/www.mountainguide.ro\/wp-content\/uploads\/2011\/09\/IMG_1919-100x100.jpg\" class=\"attachment-thumbnail size-thumbnail\" alt=\"\" \/><\/a>\n\t\t\t<\/dt><\/dl><br style=\"clear: both\" \/><dl class='gallery-item'>\n\t\t\t<dt class='gallery-icon landscape'>\n\t\t\t\t<a href='https:\/\/www.mountainguide.ro\/wp-content\/uploads\/2011\/09\/IMG_1929.jpg' rel=\"lightbox[5057]\"><img loading=\"lazy\" decoding=\"async\" width=\"100\" height=\"100\" src=\"https:\/\/www.mountainguide.ro\/wp-content\/uploads\/2011\/09\/IMG_1929-100x100.jpg\" class=\"attachment-thumbnail size-thumbnail\" alt=\"\" \/><\/a>\n\t\t\t<\/dt><\/dl><dl class='gallery-item'>\n\t\t\t<dt class='gallery-icon landscape'>\n\t\t\t\t<a href='https:\/\/www.mountainguide.ro\/wp-content\/uploads\/2011\/09\/IMG_1940.jpg' rel=\"lightbox[5057]\"><img loading=\"lazy\" decoding=\"async\" width=\"100\" height=\"100\" src=\"https:\/\/www.mountainguide.ro\/wp-content\/uploads\/2011\/09\/IMG_1940-100x100.jpg\" class=\"attachment-thumbnail size-thumbnail\" alt=\"\" \/><\/a>\n\t\t\t<\/dt><\/dl><dl class='gallery-item'>\n\t\t\t<dt class='gallery-icon portrait'>\n\t\t\t\t<a href='https:\/\/www.mountainguide.ro\/wp-content\/uploads\/2011\/09\/IMG_1958.jpg' rel=\"lightbox[5057]\"><img loading=\"lazy\" decoding=\"async\" width=\"100\" height=\"100\" src=\"https:\/\/www.mountainguide.ro\/wp-content\/uploads\/2011\/09\/IMG_1958-100x100.jpg\" class=\"attachment-thumbnail size-thumbnail\" alt=\"\" \/><\/a>\n\t\t\t<\/dt><\/dl><dl class='gallery-item'>\n\t\t\t<dt class='gallery-icon portrait'>\n\t\t\t\t<a href='https:\/\/www.mountainguide.ro\/wp-content\/uploads\/2011\/09\/IMG_1967.jpg' rel=\"lightbox[5057]\"><img loading=\"lazy\" decoding=\"async\" width=\"100\" height=\"100\" src=\"https:\/\/www.mountainguide.ro\/wp-content\/uploads\/2011\/09\/IMG_1967-100x100.jpg\" class=\"attachment-thumbnail size-thumbnail\" alt=\"\" \/><\/a>\n\t\t\t<\/dt><\/dl><dl class='gallery-item'>\n\t\t\t<dt class='gallery-icon landscape'>\n\t\t\t\t<a href='https:\/\/www.mountainguide.ro\/wp-content\/uploads\/2011\/09\/IMG_1996.jpg' rel=\"lightbox[5057]\"><img loading=\"lazy\" decoding=\"async\" width=\"100\" height=\"100\" src=\"https:\/\/www.mountainguide.ro\/wp-content\/uploads\/2011\/09\/IMG_1996-100x100.jpg\" class=\"attachment-thumbnail size-thumbnail\" alt=\"\" \/><\/a>\n\t\t\t<\/dt><\/dl><dl class='gallery-item'>\n\t\t\t<dt class='gallery-icon landscape'>\n\t\t\t\t<a href='https:\/\/www.mountainguide.ro\/wp-content\/uploads\/2011\/09\/IMG_1997.jpg' rel=\"lightbox[5057]\"><img loading=\"lazy\" decoding=\"async\" width=\"100\" height=\"100\" src=\"https:\/\/www.mountainguide.ro\/wp-content\/uploads\/2011\/09\/IMG_1997-100x100.jpg\" class=\"attachment-thumbnail size-thumbnail\" alt=\"\" \/><\/a>\n\t\t\t<\/dt><\/dl><br style=\"clear: both\" \/><dl class='gallery-item'>\n\t\t\t<dt class='gallery-icon landscape'>\n\t\t\t\t<a href='https:\/\/www.mountainguide.ro\/wp-content\/uploads\/2011\/09\/IMG_2003.jpg' rel=\"lightbox[5057]\"><img loading=\"lazy\" decoding=\"async\" width=\"100\" height=\"100\" src=\"https:\/\/www.mountainguide.ro\/wp-content\/uploads\/2011\/09\/IMG_2003-100x100.jpg\" class=\"attachment-thumbnail size-thumbnail\" alt=\"\" \/><\/a>\n\t\t\t<\/dt><\/dl><dl class='gallery-item'>\n\t\t\t<dt class='gallery-icon landscape'>\n\t\t\t\t<a href='https:\/\/www.mountainguide.ro\/wp-content\/uploads\/2011\/09\/IMG_2009.jpg' rel=\"lightbox[5057]\"><img loading=\"lazy\" decoding=\"async\" width=\"100\" height=\"100\" src=\"https:\/\/www.mountainguide.ro\/wp-content\/uploads\/2011\/09\/IMG_2009-100x100.jpg\" class=\"attachment-thumbnail size-thumbnail\" alt=\"\" \/><\/a>\n\t\t\t<\/dt><\/dl><dl class='gallery-item'>\n\t\t\t<dt class='gallery-icon landscape'>\n\t\t\t\t<a href='https:\/\/www.mountainguide.ro\/wp-content\/uploads\/2011\/09\/IMG_2019.jpg' rel=\"lightbox[5057]\"><img loading=\"lazy\" decoding=\"async\" width=\"100\" height=\"100\" src=\"https:\/\/www.mountainguide.ro\/wp-content\/uploads\/2011\/09\/IMG_2019-100x100.jpg\" class=\"attachment-thumbnail size-thumbnail\" alt=\"\" \/><\/a>\n\t\t\t<\/dt><\/dl><dl class='gallery-item'>\n\t\t\t<dt class='gallery-icon landscape'>\n\t\t\t\t<a href='https:\/\/www.mountainguide.ro\/wp-content\/uploads\/2011\/09\/IMG_2021.jpg' rel=\"lightbox[5057]\"><img loading=\"lazy\" decoding=\"async\" width=\"100\" height=\"100\" src=\"https:\/\/www.mountainguide.ro\/wp-content\/uploads\/2011\/09\/IMG_2021-100x100.jpg\" class=\"attachment-thumbnail size-thumbnail\" alt=\"\" \/><\/a>\n\t\t\t<\/dt><\/dl><dl class='gallery-item'>\n\t\t\t<dt class='gallery-icon landscape'>\n\t\t\t\t<a href='https:\/\/www.mountainguide.ro\/wp-content\/uploads\/2011\/09\/IMG_2040.jpg' rel=\"lightbox[5057]\"><img loading=\"lazy\" decoding=\"async\" width=\"100\" height=\"100\" src=\"https:\/\/www.mountainguide.ro\/wp-content\/uploads\/2011\/09\/IMG_2040-100x100.jpg\" class=\"attachment-thumbnail size-thumbnail\" alt=\"\" \/><\/a>\n\t\t\t<\/dt><\/dl><dl class='gallery-item'>\n\t\t\t<dt class='gallery-icon landscape'>\n\t\t\t\t<a href='https:\/\/www.mountainguide.ro\/wp-content\/uploads\/2011\/09\/IMG_2057.jpg' rel=\"lightbox[5057]\"><img loading=\"lazy\" decoding=\"async\" width=\"100\" height=\"100\" src=\"https:\/\/www.mountainguide.ro\/wp-content\/uploads\/2011\/09\/IMG_2057-100x100.jpg\" class=\"attachment-thumbnail size-thumbnail\" alt=\"\" \/><\/a>\n\t\t\t<\/dt><\/dl><br style=\"clear: both\" \/><dl class='gallery-item'>\n\t\t\t<dt class='gallery-icon landscape'>\n\t\t\t\t<a href='https:\/\/www.mountainguide.ro\/wp-content\/uploads\/2011\/09\/IMG_2075.jpg' rel=\"lightbox[5057]\"><img loading=\"lazy\" decoding=\"async\" width=\"100\" height=\"100\" src=\"https:\/\/www.mountainguide.ro\/wp-content\/uploads\/2011\/09\/IMG_2075-100x100.jpg\" class=\"attachment-thumbnail size-thumbnail\" alt=\"\" \/><\/a>\n\t\t\t<\/dt><\/dl><dl class='gallery-item'>\n\t\t\t<dt class='gallery-icon landscape'>\n\t\t\t\t<a href='https:\/\/www.mountainguide.ro\/wp-content\/uploads\/2011\/09\/IMG_2088.jpg' rel=\"lightbox[5057]\"><img loading=\"lazy\" decoding=\"async\" width=\"100\" height=\"100\" src=\"https:\/\/www.mountainguide.ro\/wp-content\/uploads\/2011\/09\/IMG_2088-100x100.jpg\" class=\"attachment-thumbnail size-thumbnail\" alt=\"\" \/><\/a>\n\t\t\t<\/dt><\/dl><dl class='gallery-item'>\n\t\t\t<dt class='gallery-icon landscape'>\n\t\t\t\t<a href='https:\/\/www.mountainguide.ro\/wp-content\/uploads\/2011\/09\/IMG_2095.jpg' rel=\"lightbox[5057]\"><img loading=\"lazy\" decoding=\"async\" width=\"100\" height=\"100\" src=\"https:\/\/www.mountainguide.ro\/wp-content\/uploads\/2011\/09\/IMG_2095-100x100.jpg\" class=\"attachment-thumbnail size-thumbnail\" alt=\"\" \/><\/a>\n\t\t\t<\/dt><\/dl><dl class='gallery-item'>\n\t\t\t<dt class='gallery-icon portrait'>\n\t\t\t\t<a href='https:\/\/www.mountainguide.ro\/wp-content\/uploads\/2011\/09\/IMG_2107.jpg' rel=\"lightbox[5057]\"><img loading=\"lazy\" decoding=\"async\" width=\"100\" height=\"100\" src=\"https:\/\/www.mountainguide.ro\/wp-content\/uploads\/2011\/09\/IMG_2107-100x100.jpg\" class=\"attachment-thumbnail size-thumbnail\" alt=\"\" \/><\/a>\n\t\t\t<\/dt><\/dl>\n\t\t\t<br style='clear: both' \/>\n\t\t<\/div>\n\n","protected":false},"excerpt":{"rendered":"<p>\u00a0100% Rum\u00e4nien, 100% Sommer, 100% Urlaub Hallo, zwischen dem 13 und 20 August bin ich zusammen mit Oli und Annika im Baiului- und Bucegigebirge sowie im Brangebiet und Piatra-Craiului-Gebirge (K\u00f6nigstein) unterwegs gewesen. Es war ein wundersch\u00f6ne Tour und trotz der Hitze und des\u00a0 im Stau Stehens\u00a0 haben wir die herrliche Landschaft und autentische rum\u00e4nische Erlebnisse&#8230;  <a class=\"excerpt-read-more\" href=\"https:\/\/www.mountainguide.ro\/en\/wandern-und-kultur-in-transsilvanien\/\" title=\"Read Wandern und Kultur in Transsilvanien\">Read more &raquo;<\/a><\/p>\n","protected":false},"author":3,"featured_media":5072,"comment_status":"closed","ping_status":"closed","sticky":false,"template":"","format":"standard","meta":{"footnotes":""},"categories":[1,567],"tags":[110,103,13,114,111,113,9,112,50,109,61],"class_list":["post-5057","post","type-post","status-publish","format-standard","has-post-thumbnail","hentry","category-latest-tours","category-trail","tag-bergwelt","tag-bucegi-gebirge","tag-casa-folea","tag-konigsteingebirge","tag-kultur","tag-moeciu-de-sus-bergdorf","tag-piatra-craiului","tag-poarta-bergdorf","tag-siebenburgen","tag-transsilvanien","tag-wandern"],"yoast_head":"<!-- This site is optimized with the Yoast SEO plugin v27.5 - https:\/\/yoast.com\/product\/yoast-seo-wordpress\/ -->\n<title>Wandern und Kultur in Transsilvanien<\/title>\n<meta name=\"robots\" content=\"index, follow, max-snippet:-1, max-image-preview:large, max-video-preview:-1\" \/>\n<link rel=\"canonical\" href=\"https:\/\/www.mountainguide.ro\/en\/?p=5057\" \/>\n<meta property=\"og:locale\" content=\"en_US\" \/>\n<meta property=\"og:type\" content=\"article\" \/>\n<meta property=\"og:title\" content=\"Wandern und Kultur in Transsilvanien\" \/>\n<meta property=\"og:description\" content=\"\u00a0100% Rum\u00e4nien, 100% Sommer, 100% Urlaub Hallo, zwischen dem 13 und 20 August bin ich zusammen mit Oli und Annika im Baiului- und Bucegigebirge sowie im Brangebiet und Piatra-Craiului-Gebirge (K\u00f6nigstein) unterwegs gewesen. Es war ein wundersch\u00f6ne Tour und trotz der Hitze und des\u00a0 im Stau Stehens\u00a0 haben wir die herrliche Landschaft und autentische rum\u00e4nische Erlebnisse... Read more &raquo;\" \/>\n<meta property=\"og:url\" content=\"http:\/\/www.mountainguide.ro\/en\/?p=5057\" \/>\n<meta property=\"og:site_name\" content=\"Mountain Guide for mountain tours in Romania\" \/>\n<meta property=\"article:publisher\" content=\"https:\/\/www.facebook.com\/mountainguide.ro\/\" \/>\n<meta property=\"article:published_time\" content=\"2011-08-29T15:20:39+00:00\" \/>\n<meta property=\"article:modified_time\" content=\"2025-01-21T13:35:03+00:00\" \/>\n<meta property=\"og:image\" content=\"https:\/\/www.mountainguide.ro\/wp-content\/uploads\/2011\/09\/IMG_1895.jpg\" \/>\n\t<meta property=\"og:image:width\" content=\"800\" \/>\n\t<meta property=\"og:image:height\" content=\"533\" \/>\n\t<meta property=\"og:image:type\" content=\"image\/jpeg\" \/>\n<meta name=\"author\" content=\"Iulian Cozma\" \/>\n<meta name=\"twitter:card\" content=\"summary_large_image\" \/>\n<meta name=\"twitter:label1\" content=\"Written by\" \/>\n\t<meta name=\"twitter:data1\" content=\"Iulian Cozma\" \/>\n\t<meta name=\"twitter:label2\" content=\"Est. reading time\" \/>\n\t<meta name=\"twitter:data2\" content=\"5 minutes\" \/>\n<script type=\"application\/ld+json\" class=\"yoast-schema-graph\">{\"@context\":\"https:\\\/\\\/schema.org\",\"@graph\":[{\"@type\":\"Article\",\"@id\":\"https:\\\/\\\/www.mountainguide.ro\\\/en\\\/?p=5057#article\",\"isPartOf\":{\"@id\":\"https:\\\/\\\/www.mountainguide.ro\\\/en\\\/?p=5057\"},\"author\":{\"name\":\"Iulian Cozma\",\"@id\":\"https:\\\/\\\/www.mountainguide.ro\\\/en\\\/#\\\/schema\\\/person\\\/18a7fc93eec8ec6c3ddbc26bbe2ad443\"},\"headline\":\"Wandern und Kultur in Transsilvanien\",\"datePublished\":\"2011-08-29T15:20:39+00:00\",\"dateModified\":\"2025-01-21T13:35:03+00:00\",\"mainEntityOfPage\":{\"@id\":\"https:\\\/\\\/www.mountainguide.ro\\\/en\\\/?p=5057\"},\"wordCount\":1103,\"image\":{\"@id\":\"https:\\\/\\\/www.mountainguide.ro\\\/en\\\/?p=5057#primaryimage\"},\"thumbnailUrl\":\"https:\\\/\\\/www.mountainguide.ro\\\/wp-content\\\/uploads\\\/2011\\\/09\\\/IMG_1895.jpg\",\"keywords\":[\"Bergwelt\",\"bucegi gebirge\",\"casa folea\",\"K\u00f6nigsteingebirge\",\"Kultur\",\"Moeciu de Sus bergDorf\",\"piatra craiului\",\"poarta bergdorf\",\"Siebenb\u00fcrgen\",\"Transsilvanien\",\"wandern\"],\"articleSection\":[\"Latest tours\",\"trail\"],\"inLanguage\":\"en\"},{\"@type\":\"WebPage\",\"@id\":\"https:\\\/\\\/www.mountainguide.ro\\\/en\\\/?p=5057\",\"url\":\"https:\\\/\\\/www.mountainguide.ro\\\/en\\\/?p=5057\",\"name\":\"Wandern und Kultur in Transsilvanien\",\"isPartOf\":{\"@id\":\"https:\\\/\\\/www.mountainguide.ro\\\/en\\\/#website\"},\"primaryImageOfPage\":{\"@id\":\"https:\\\/\\\/www.mountainguide.ro\\\/en\\\/?p=5057#primaryimage\"},\"image\":{\"@id\":\"https:\\\/\\\/www.mountainguide.ro\\\/en\\\/?p=5057#primaryimage\"},\"thumbnailUrl\":\"https:\\\/\\\/www.mountainguide.ro\\\/wp-content\\\/uploads\\\/2011\\\/09\\\/IMG_1895.jpg\",\"datePublished\":\"2011-08-29T15:20:39+00:00\",\"dateModified\":\"2025-01-21T13:35:03+00:00\",\"author\":{\"@id\":\"https:\\\/\\\/www.mountainguide.ro\\\/en\\\/#\\\/schema\\\/person\\\/18a7fc93eec8ec6c3ddbc26bbe2ad443\"},\"breadcrumb\":{\"@id\":\"https:\\\/\\\/www.mountainguide.ro\\\/en\\\/?p=5057#breadcrumb\"},\"inLanguage\":\"en\",\"potentialAction\":[{\"@type\":\"ReadAction\",\"target\":[[\"https:\\\/\\\/www.mountainguide.ro\\\/en\\\/?p=5057\"]]}]},{\"@type\":\"ImageObject\",\"inLanguage\":\"en\",\"@id\":\"https:\\\/\\\/www.mountainguide.ro\\\/en\\\/?p=5057#primaryimage\",\"url\":\"https:\\\/\\\/www.mountainguide.ro\\\/wp-content\\\/uploads\\\/2011\\\/09\\\/IMG_1895.jpg\",\"contentUrl\":\"https:\\\/\\\/www.mountainguide.ro\\\/wp-content\\\/uploads\\\/2011\\\/09\\\/IMG_1895.jpg\",\"width\":800,\"height\":533},{\"@type\":\"BreadcrumbList\",\"@id\":\"https:\\\/\\\/www.mountainguide.ro\\\/en\\\/?p=5057#breadcrumb\",\"itemListElement\":[{\"@type\":\"ListItem\",\"position\":1,\"name\":\"Home\",\"item\":\"https:\\\/\\\/www.mountainguide.ro\\\/en\\\/\"},{\"@type\":\"ListItem\",\"position\":2,\"name\":\"Wandern und Kultur in Transsilvanien\"}]},{\"@type\":\"WebSite\",\"@id\":\"https:\\\/\\\/www.mountainguide.ro\\\/en\\\/#website\",\"url\":\"https:\\\/\\\/www.mountainguide.ro\\\/en\\\/\",\"name\":\"Mountain Guide for mountain tours in Romania\",\"description\":\"trekking, hiking, ski touring in Romania\",\"potentialAction\":[{\"@type\":\"SearchAction\",\"target\":{\"@type\":\"EntryPoint\",\"urlTemplate\":\"https:\\\/\\\/www.mountainguide.ro\\\/en\\\/?s={search_term_string}\"},\"query-input\":{\"@type\":\"PropertyValueSpecification\",\"valueRequired\":true,\"valueName\":\"search_term_string\"}}],\"inLanguage\":\"en\"},{\"@type\":\"Person\",\"@id\":\"https:\\\/\\\/www.mountainguide.ro\\\/en\\\/#\\\/schema\\\/person\\\/18a7fc93eec8ec6c3ddbc26bbe2ad443\",\"name\":\"Iulian Cozma\",\"sameAs\":[\"http:\\\/\\\/www.mountainguide.ro\"],\"url\":\"https:\\\/\\\/www.mountainguide.ro\\\/en\\\/author\\\/iulica\\\/\"}]}<\/script>\n<!-- \/ Yoast SEO plugin. -->","yoast_head_json":{"title":"Wandern und Kultur in Transsilvanien","robots":{"index":"index","follow":"follow","max-snippet":"max-snippet:-1","max-image-preview":"max-image-preview:large","max-video-preview":"max-video-preview:-1"},"canonical":"https:\/\/www.mountainguide.ro\/en\/?p=5057","og_locale":"en_US","og_type":"article","og_title":"Wandern und Kultur in Transsilvanien","og_description":"\u00a0100% Rum\u00e4nien, 100% Sommer, 100% Urlaub Hallo, zwischen dem 13 und 20 August bin ich zusammen mit Oli und Annika im Baiului- und Bucegigebirge sowie im Brangebiet und Piatra-Craiului-Gebirge (K\u00f6nigstein) unterwegs gewesen. Es war ein wundersch\u00f6ne Tour und trotz der Hitze und des\u00a0 im Stau Stehens\u00a0 haben wir die herrliche Landschaft und autentische rum\u00e4nische Erlebnisse... Read more &raquo;","og_url":"http:\/\/www.mountainguide.ro\/en\/?p=5057","og_site_name":"Mountain Guide for mountain tours in Romania","article_publisher":"https:\/\/www.facebook.com\/mountainguide.ro\/","article_published_time":"2011-08-29T15:20:39+00:00","article_modified_time":"2025-01-21T13:35:03+00:00","og_image":[{"width":800,"height":533,"url":"https:\/\/www.mountainguide.ro\/wp-content\/uploads\/2011\/09\/IMG_1895.jpg","type":"image\/jpeg"}],"author":"Iulian Cozma","twitter_card":"summary_large_image","twitter_misc":{"Written by":"Iulian Cozma","Est. reading time":"5 minutes"},"schema":{"@context":"https:\/\/schema.org","@graph":[{"@type":"Article","@id":"https:\/\/www.mountainguide.ro\/en\/?p=5057#article","isPartOf":{"@id":"https:\/\/www.mountainguide.ro\/en\/?p=5057"},"author":{"name":"Iulian Cozma","@id":"https:\/\/www.mountainguide.ro\/en\/#\/schema\/person\/18a7fc93eec8ec6c3ddbc26bbe2ad443"},"headline":"Wandern und Kultur in Transsilvanien","datePublished":"2011-08-29T15:20:39+00:00","dateModified":"2025-01-21T13:35:03+00:00","mainEntityOfPage":{"@id":"https:\/\/www.mountainguide.ro\/en\/?p=5057"},"wordCount":1103,"image":{"@id":"https:\/\/www.mountainguide.ro\/en\/?p=5057#primaryimage"},"thumbnailUrl":"https:\/\/www.mountainguide.ro\/wp-content\/uploads\/2011\/09\/IMG_1895.jpg","keywords":["Bergwelt","bucegi gebirge","casa folea","K\u00f6nigsteingebirge","Kultur","Moeciu de Sus bergDorf","piatra craiului","poarta bergdorf","Siebenb\u00fcrgen","Transsilvanien","wandern"],"articleSection":["Latest tours","trail"],"inLanguage":"en"},{"@type":"WebPage","@id":"https:\/\/www.mountainguide.ro\/en\/?p=5057","url":"https:\/\/www.mountainguide.ro\/en\/?p=5057","name":"Wandern und Kultur in Transsilvanien","isPartOf":{"@id":"https:\/\/www.mountainguide.ro\/en\/#website"},"primaryImageOfPage":{"@id":"https:\/\/www.mountainguide.ro\/en\/?p=5057#primaryimage"},"image":{"@id":"https:\/\/www.mountainguide.ro\/en\/?p=5057#primaryimage"},"thumbnailUrl":"https:\/\/www.mountainguide.ro\/wp-content\/uploads\/2011\/09\/IMG_1895.jpg","datePublished":"2011-08-29T15:20:39+00:00","dateModified":"2025-01-21T13:35:03+00:00","author":{"@id":"https:\/\/www.mountainguide.ro\/en\/#\/schema\/person\/18a7fc93eec8ec6c3ddbc26bbe2ad443"},"breadcrumb":{"@id":"https:\/\/www.mountainguide.ro\/en\/?p=5057#breadcrumb"},"inLanguage":"en","potentialAction":[{"@type":"ReadAction","target":[["https:\/\/www.mountainguide.ro\/en\/?p=5057"]]}]},{"@type":"ImageObject","inLanguage":"en","@id":"https:\/\/www.mountainguide.ro\/en\/?p=5057#primaryimage","url":"https:\/\/www.mountainguide.ro\/wp-content\/uploads\/2011\/09\/IMG_1895.jpg","contentUrl":"https:\/\/www.mountainguide.ro\/wp-content\/uploads\/2011\/09\/IMG_1895.jpg","width":800,"height":533},{"@type":"BreadcrumbList","@id":"https:\/\/www.mountainguide.ro\/en\/?p=5057#breadcrumb","itemListElement":[{"@type":"ListItem","position":1,"name":"Home","item":"https:\/\/www.mountainguide.ro\/en\/"},{"@type":"ListItem","position":2,"name":"Wandern und Kultur in Transsilvanien"}]},{"@type":"WebSite","@id":"https:\/\/www.mountainguide.ro\/en\/#website","url":"https:\/\/www.mountainguide.ro\/en\/","name":"Mountain Guide for mountain tours in Romania","description":"trekking, hiking, ski touring in Romania","potentialAction":[{"@type":"SearchAction","target":{"@type":"EntryPoint","urlTemplate":"https:\/\/www.mountainguide.ro\/en\/?s={search_term_string}"},"query-input":{"@type":"PropertyValueSpecification","valueRequired":true,"valueName":"search_term_string"}}],"inLanguage":"en"},{"@type":"Person","@id":"https:\/\/www.mountainguide.ro\/en\/#\/schema\/person\/18a7fc93eec8ec6c3ddbc26bbe2ad443","name":"Iulian Cozma","sameAs":["http:\/\/www.mountainguide.ro"],"url":"https:\/\/www.mountainguide.ro\/en\/author\/iulica\/"}]}},"_links":{"self":[{"href":"https:\/\/www.mountainguide.ro\/en\/wp-json\/wp\/v2\/posts\/5057","targetHints":{"allow":["GET"]}}],"collection":[{"href":"https:\/\/www.mountainguide.ro\/en\/wp-json\/wp\/v2\/posts"}],"about":[{"href":"https:\/\/www.mountainguide.ro\/en\/wp-json\/wp\/v2\/types\/post"}],"author":[{"embeddable":true,"href":"https:\/\/www.mountainguide.ro\/en\/wp-json\/wp\/v2\/users\/3"}],"replies":[{"embeddable":true,"href":"https:\/\/www.mountainguide.ro\/en\/wp-json\/wp\/v2\/comments?post=5057"}],"version-history":[{"count":3,"href":"https:\/\/www.mountainguide.ro\/en\/wp-json\/wp\/v2\/posts\/5057\/revisions"}],"predecessor-version":[{"id":9702,"href":"https:\/\/www.mountainguide.ro\/en\/wp-json\/wp\/v2\/posts\/5057\/revisions\/9702"}],"wp:featuredmedia":[{"embeddable":true,"href":"https:\/\/www.mountainguide.ro\/en\/wp-json\/wp\/v2\/media\/5072"}],"wp:attachment":[{"href":"https:\/\/www.mountainguide.ro\/en\/wp-json\/wp\/v2\/media?parent=5057"}],"wp:term":[{"taxonomy":"category","embeddable":true,"href":"https:\/\/www.mountainguide.ro\/en\/wp-json\/wp\/v2\/categories?post=5057"},{"taxonomy":"post_tag","embeddable":true,"href":"https:\/\/www.mountainguide.ro\/en\/wp-json\/wp\/v2\/tags?post=5057"}],"curies":[{"name":"wp","href":"https:\/\/api.w.org\/{rel}","templated":true}]}}