{"id":10149,"date":"2014-01-15T17:04:29","date_gmt":"2014-01-15T15:04:29","guid":{"rendered":"http:\/\/www.mountainguide.ro\/?p=10149"},"modified":"2025-01-21T15:34:50","modified_gmt":"2025-01-21T13:34:50","slug":"kammwanderung-fogarasch-ende-juli-2011","status":"publish","type":"post","link":"https:\/\/www.mountainguide.ro\/en\/kammwanderung-fogarasch-ende-juli-2011\/","title":{"rendered":"Kammwanderung Fogarasch Ende Juli 2011"},"content":{"rendered":"<p>Iulian empfing uns pers\u00f6nlich am Flughafen Baneasa und wir (Kerstin, Patrick, Iulian und ich) wurden im klimatisierten VW-Bus nach Kronstadt (Brasov) und am n\u00e4chsten Tag dann nach Freck (Avrig) zum Toureinstieg gefahren. Unter Iulians Bergf\u00fchrung erwanderten wir (Kerstin, Patrick und ab Balea auch Mat) den Hauptkamm der Fogarascher Berge vom Serbota-Gipfel (Westen) bis zu &#8220;Fereastra Mare a Sambetei&#8221; (Sambata &#8211; Sattel) (Osten) in der Zeitspanne 16. &#8211; 21. Juli 2011.<\/p>\n<p>In einer sehr reizvollen Berglandschaft erklommen wir dabei die drei h\u00f6chsten Gipfel Rum\u00e4niens (Modoveanu 2544m, Negoiu 2535m und Vistea Mare 2527m) und bezwangen eine der anspruchvollsten f\u00fcr &#8220;normale&#8221; Berwanderer freigegebene Strecken: Custura Saratii (an mehreren Stellen mit Ketten gesichert, Schwindelfreiheit und Trittfestigkeit erfordernd).<\/p>\n<p>Das Wetter war perfekt (kein Regentropfen in der ganzen Zeitspanne), die Organisation der Tour ebenfalls. In jeder H\u00fctte hatten wir unser eigenes Zimmer, Kerstin (als einzige Frau in der Gruppe) sogar ein Zimmer ganz f\u00fcr sich (in den ersten beiden H\u00fctten). Allgemein habe ich deutlich gesp\u00fcrt, da\u00df Iulian sehr gute Beziehungen zu allen H\u00fcttenwarten der von uns besuchten H\u00fctten hat.<\/p>\n<p>Kr\u00f6nender Abschlu\u00df der Tour: Besuch des Klosters Sambata sowie Besuch von Iulians Elternhaus in Ucea de Sus wo wir sehr herzlich empfangen und bewirtet wurden.<\/p>\n<p>Iulian hat sich als sehr kompetenter, warmherziger und flexibler Bergf\u00fchrer erwiesen und ist jederzeit auf die Belange der Gruppenmitglieder eingegangen. Das Wandertempo war unserer Gruppe angepasst wobei jeder die Freiheit hatte, ab und zu vorzupreschen (Gipfelsturm auf Negoiu und Vistea Mare) oder einfach an der Spitze der Gruppe zu wandern.<\/p>\n<p>Sowohl f\u00fcr die Touristen welche bis dato mit Rum\u00e4nien nicht in Ber\u00fchrung kamen als auch f\u00fcr diejenigen welche Rum\u00e4nien \/ die rum\u00e4nsche Sprache kennen, empfehle ich Iulian Cozma w\u00e4rmstens als Tourenorganisator und Bergf\u00fchrer.<\/p>\n<p><b>Christian aus Stuttgart, 6. August 2011 &#8211;\u00a0<\/b><a href=\"http:\/\/www.mountainguide.ro\/bergwandern-im-siebenburgen-alpen\/\"><b>fotos here<\/b><\/a><\/p>\n","protected":false},"excerpt":{"rendered":"<p>Iulian empfing uns pers\u00f6nlich am Flughafen Baneasa und wir (Kerstin, Patrick, Iulian und ich) wurden im klimatisierten VW-Bus nach Kronstadt (Brasov) und am n\u00e4chsten Tag dann nach Freck (Avrig) zum Toureinstieg gefahren. Unter Iulians Bergf\u00fchrung erwanderten wir (Kerstin, Patrick und ab Balea auch Mat) den Hauptkamm der Fogarascher Berge vom Serbota-Gipfel (Westen) bis zu &#8220;Fereastra&#8230;  <a class=\"excerpt-read-more\" href=\"https:\/\/www.mountainguide.ro\/en\/kammwanderung-fogarasch-ende-juli-2011\/\" title=\"Read Kammwanderung Fogarasch Ende Juli 2011\">Read more &raquo;<\/a><\/p>\n","protected":false},"author":3,"featured_media":0,"comment_status":"closed","ping_status":"closed","sticky":false,"template":"","format":"standard","meta":{"footnotes":""},"categories":[569],"tags":[],"class_list":["post-10149","post","type-post","status-publish","format-standard","hentry","category-trail-testimonials"],"yoast_head":"<!-- This site is optimized with the Yoast SEO plugin v27.5 - https:\/\/yoast.com\/product\/yoast-seo-wordpress\/ -->\n<title>Kammwanderung Fogarasch Ende Juli 2011<\/title>\n<meta name=\"robots\" content=\"index, follow, max-snippet:-1, max-image-preview:large, max-video-preview:-1\" \/>\n<link rel=\"canonical\" href=\"https:\/\/www.mountainguide.ro\/en\/?p=10149\" \/>\n<meta property=\"og:locale\" content=\"en_US\" \/>\n<meta property=\"og:type\" content=\"article\" \/>\n<meta property=\"og:title\" content=\"Kammwanderung Fogarasch Ende Juli 2011\" \/>\n<meta property=\"og:description\" content=\"Iulian empfing uns pers\u00f6nlich am Flughafen Baneasa und wir (Kerstin, Patrick, Iulian und ich) wurden im klimatisierten VW-Bus nach Kronstadt (Brasov) und am n\u00e4chsten Tag dann nach Freck (Avrig) zum Toureinstieg gefahren. Unter Iulians Bergf\u00fchrung erwanderten wir (Kerstin, Patrick und ab Balea auch Mat) den Hauptkamm der Fogarascher Berge vom Serbota-Gipfel (Westen) bis zu &#8220;Fereastra... Read more &raquo;\" \/>\n<meta property=\"og:url\" content=\"http:\/\/www.mountainguide.ro\/en\/?p=10149\" \/>\n<meta property=\"og:site_name\" content=\"Mountain Guide for mountain tours in Romania\" \/>\n<meta property=\"article:publisher\" content=\"https:\/\/www.facebook.com\/mountainguide.ro\/\" \/>\n<meta property=\"article:published_time\" content=\"2014-01-15T15:04:29+00:00\" \/>\n<meta property=\"article:modified_time\" content=\"2025-01-21T13:34:50+00:00\" \/>\n<meta name=\"author\" content=\"Iulian Cozma\" \/>\n<meta name=\"twitter:card\" content=\"summary_large_image\" \/>\n<meta name=\"twitter:label1\" content=\"Written by\" \/>\n\t<meta name=\"twitter:data1\" content=\"Iulian Cozma\" \/>\n\t<meta name=\"twitter:label2\" content=\"Est. reading time\" \/>\n\t<meta name=\"twitter:data2\" content=\"2 minutes\" \/>\n<script type=\"application\/ld+json\" class=\"yoast-schema-graph\">{\"@context\":\"https:\\\/\\\/schema.org\",\"@graph\":[{\"@type\":\"Article\",\"@id\":\"https:\\\/\\\/www.mountainguide.ro\\\/en\\\/?p=10149#article\",\"isPartOf\":{\"@id\":\"https:\\\/\\\/www.mountainguide.ro\\\/en\\\/?p=10149\"},\"author\":{\"name\":\"Iulian Cozma\",\"@id\":\"https:\\\/\\\/www.mountainguide.ro\\\/en\\\/#\\\/schema\\\/person\\\/18a7fc93eec8ec6c3ddbc26bbe2ad443\"},\"headline\":\"Kammwanderung Fogarasch Ende Juli 2011\",\"datePublished\":\"2014-01-15T15:04:29+00:00\",\"dateModified\":\"2025-01-21T13:34:50+00:00\",\"mainEntityOfPage\":{\"@id\":\"https:\\\/\\\/www.mountainguide.ro\\\/en\\\/?p=10149\"},\"wordCount\":310,\"articleSection\":[\"Hiking testimonials experience tours in Romania\"],\"inLanguage\":\"en\"},{\"@type\":\"WebPage\",\"@id\":\"https:\\\/\\\/www.mountainguide.ro\\\/en\\\/?p=10149\",\"url\":\"https:\\\/\\\/www.mountainguide.ro\\\/en\\\/?p=10149\",\"name\":\"Kammwanderung Fogarasch Ende Juli 2011\",\"isPartOf\":{\"@id\":\"https:\\\/\\\/www.mountainguide.ro\\\/en\\\/#website\"},\"datePublished\":\"2014-01-15T15:04:29+00:00\",\"dateModified\":\"2025-01-21T13:34:50+00:00\",\"author\":{\"@id\":\"https:\\\/\\\/www.mountainguide.ro\\\/en\\\/#\\\/schema\\\/person\\\/18a7fc93eec8ec6c3ddbc26bbe2ad443\"},\"breadcrumb\":{\"@id\":\"https:\\\/\\\/www.mountainguide.ro\\\/en\\\/?p=10149#breadcrumb\"},\"inLanguage\":\"en\",\"potentialAction\":[{\"@type\":\"ReadAction\",\"target\":[[\"https:\\\/\\\/www.mountainguide.ro\\\/en\\\/?p=10149\"]]}]},{\"@type\":\"BreadcrumbList\",\"@id\":\"https:\\\/\\\/www.mountainguide.ro\\\/en\\\/?p=10149#breadcrumb\",\"itemListElement\":[{\"@type\":\"ListItem\",\"position\":1,\"name\":\"Home\",\"item\":\"https:\\\/\\\/www.mountainguide.ro\\\/en\\\/\"},{\"@type\":\"ListItem\",\"position\":2,\"name\":\"Kammwanderung Fogarasch Ende Juli 2011\"}]},{\"@type\":\"WebSite\",\"@id\":\"https:\\\/\\\/www.mountainguide.ro\\\/en\\\/#website\",\"url\":\"https:\\\/\\\/www.mountainguide.ro\\\/en\\\/\",\"name\":\"Mountain Guide for mountain tours in Romania\",\"description\":\"trekking, hiking, ski touring in Romania\",\"potentialAction\":[{\"@type\":\"SearchAction\",\"target\":{\"@type\":\"EntryPoint\",\"urlTemplate\":\"https:\\\/\\\/www.mountainguide.ro\\\/en\\\/?s={search_term_string}\"},\"query-input\":{\"@type\":\"PropertyValueSpecification\",\"valueRequired\":true,\"valueName\":\"search_term_string\"}}],\"inLanguage\":\"en\"},{\"@type\":\"Person\",\"@id\":\"https:\\\/\\\/www.mountainguide.ro\\\/en\\\/#\\\/schema\\\/person\\\/18a7fc93eec8ec6c3ddbc26bbe2ad443\",\"name\":\"Iulian Cozma\",\"sameAs\":[\"http:\\\/\\\/www.mountainguide.ro\"],\"url\":\"https:\\\/\\\/www.mountainguide.ro\\\/en\\\/author\\\/iulica\\\/\"}]}<\/script>\n<!-- \/ Yoast SEO plugin. -->","yoast_head_json":{"title":"Kammwanderung Fogarasch Ende Juli 2011","robots":{"index":"index","follow":"follow","max-snippet":"max-snippet:-1","max-image-preview":"max-image-preview:large","max-video-preview":"max-video-preview:-1"},"canonical":"https:\/\/www.mountainguide.ro\/en\/?p=10149","og_locale":"en_US","og_type":"article","og_title":"Kammwanderung Fogarasch Ende Juli 2011","og_description":"Iulian empfing uns pers\u00f6nlich am Flughafen Baneasa und wir (Kerstin, Patrick, Iulian und ich) wurden im klimatisierten VW-Bus nach Kronstadt (Brasov) und am n\u00e4chsten Tag dann nach Freck (Avrig) zum Toureinstieg gefahren. Unter Iulians Bergf\u00fchrung erwanderten wir (Kerstin, Patrick und ab Balea auch Mat) den Hauptkamm der Fogarascher Berge vom Serbota-Gipfel (Westen) bis zu &#8220;Fereastra... Read more &raquo;","og_url":"http:\/\/www.mountainguide.ro\/en\/?p=10149","og_site_name":"Mountain Guide for mountain tours in Romania","article_publisher":"https:\/\/www.facebook.com\/mountainguide.ro\/","article_published_time":"2014-01-15T15:04:29+00:00","article_modified_time":"2025-01-21T13:34:50+00:00","author":"Iulian Cozma","twitter_card":"summary_large_image","twitter_misc":{"Written by":"Iulian Cozma","Est. reading time":"2 minutes"},"schema":{"@context":"https:\/\/schema.org","@graph":[{"@type":"Article","@id":"https:\/\/www.mountainguide.ro\/en\/?p=10149#article","isPartOf":{"@id":"https:\/\/www.mountainguide.ro\/en\/?p=10149"},"author":{"name":"Iulian Cozma","@id":"https:\/\/www.mountainguide.ro\/en\/#\/schema\/person\/18a7fc93eec8ec6c3ddbc26bbe2ad443"},"headline":"Kammwanderung Fogarasch Ende Juli 2011","datePublished":"2014-01-15T15:04:29+00:00","dateModified":"2025-01-21T13:34:50+00:00","mainEntityOfPage":{"@id":"https:\/\/www.mountainguide.ro\/en\/?p=10149"},"wordCount":310,"articleSection":["Hiking testimonials experience tours in Romania"],"inLanguage":"en"},{"@type":"WebPage","@id":"https:\/\/www.mountainguide.ro\/en\/?p=10149","url":"https:\/\/www.mountainguide.ro\/en\/?p=10149","name":"Kammwanderung Fogarasch Ende Juli 2011","isPartOf":{"@id":"https:\/\/www.mountainguide.ro\/en\/#website"},"datePublished":"2014-01-15T15:04:29+00:00","dateModified":"2025-01-21T13:34:50+00:00","author":{"@id":"https:\/\/www.mountainguide.ro\/en\/#\/schema\/person\/18a7fc93eec8ec6c3ddbc26bbe2ad443"},"breadcrumb":{"@id":"https:\/\/www.mountainguide.ro\/en\/?p=10149#breadcrumb"},"inLanguage":"en","potentialAction":[{"@type":"ReadAction","target":[["https:\/\/www.mountainguide.ro\/en\/?p=10149"]]}]},{"@type":"BreadcrumbList","@id":"https:\/\/www.mountainguide.ro\/en\/?p=10149#breadcrumb","itemListElement":[{"@type":"ListItem","position":1,"name":"Home","item":"https:\/\/www.mountainguide.ro\/en\/"},{"@type":"ListItem","position":2,"name":"Kammwanderung Fogarasch Ende Juli 2011"}]},{"@type":"WebSite","@id":"https:\/\/www.mountainguide.ro\/en\/#website","url":"https:\/\/www.mountainguide.ro\/en\/","name":"Mountain Guide for mountain tours in Romania","description":"trekking, hiking, ski touring in Romania","potentialAction":[{"@type":"SearchAction","target":{"@type":"EntryPoint","urlTemplate":"https:\/\/www.mountainguide.ro\/en\/?s={search_term_string}"},"query-input":{"@type":"PropertyValueSpecification","valueRequired":true,"valueName":"search_term_string"}}],"inLanguage":"en"},{"@type":"Person","@id":"https:\/\/www.mountainguide.ro\/en\/#\/schema\/person\/18a7fc93eec8ec6c3ddbc26bbe2ad443","name":"Iulian Cozma","sameAs":["http:\/\/www.mountainguide.ro"],"url":"https:\/\/www.mountainguide.ro\/en\/author\/iulica\/"}]}},"_links":{"self":[{"href":"https:\/\/www.mountainguide.ro\/en\/wp-json\/wp\/v2\/posts\/10149","targetHints":{"allow":["GET"]}}],"collection":[{"href":"https:\/\/www.mountainguide.ro\/en\/wp-json\/wp\/v2\/posts"}],"about":[{"href":"https:\/\/www.mountainguide.ro\/en\/wp-json\/wp\/v2\/types\/post"}],"author":[{"embeddable":true,"href":"https:\/\/www.mountainguide.ro\/en\/wp-json\/wp\/v2\/users\/3"}],"replies":[{"embeddable":true,"href":"https:\/\/www.mountainguide.ro\/en\/wp-json\/wp\/v2\/comments?post=10149"}],"version-history":[{"count":1,"href":"https:\/\/www.mountainguide.ro\/en\/wp-json\/wp\/v2\/posts\/10149\/revisions"}],"predecessor-version":[{"id":10150,"href":"https:\/\/www.mountainguide.ro\/en\/wp-json\/wp\/v2\/posts\/10149\/revisions\/10150"}],"wp:attachment":[{"href":"https:\/\/www.mountainguide.ro\/en\/wp-json\/wp\/v2\/media?parent=10149"}],"wp:term":[{"taxonomy":"category","embeddable":true,"href":"https:\/\/www.mountainguide.ro\/en\/wp-json\/wp\/v2\/categories?post=10149"},{"taxonomy":"post_tag","embeddable":true,"href":"https:\/\/www.mountainguide.ro\/en\/wp-json\/wp\/v2\/tags?post=10149"}],"curies":[{"name":"wp","href":"https:\/\/api.w.org\/{rel}","templated":true}]}}