{"id":9880,"date":"2014-01-15T15:35:22","date_gmt":"2014-01-15T13:35:22","guid":{"rendered":"http:\/\/www.mountainguide.ro\/?p=9880"},"modified":"2025-01-21T15:34:54","modified_gmt":"2025-01-21T13:34:54","slug":"bucegi-piatra-craiului-fagaras-gebirgstour","status":"publish","type":"post","link":"https:\/\/www.mountainguide.ro\/de\/bucegi-piatra-craiului-fagaras-gebirgstour\/","title":{"rendered":"Bucegi, Piatra Craiului, Fagaras Gebirgstour"},"content":{"rendered":"<p>Lieber Julian, ich m\u00f6chte mich f\u00fcr die 14 Tage in den Karpaten herzlich bedanken. Die Wanderungen durch die Berge waren ein wirklich beeindruckendes Erlebnis. F\u00fcr uns aus dem norddeutschen Flachland war es toll so durch das fremde land gef\u00fchrt zu werden. Wir werden Dich gerne wieder besuchen und deine F\u00fchrung geniessen. Durch dich haben wir mehr vom Land gesehen und erlebt, als wenn wir alleine die Wege gegangen w\u00e4ren. Auch waren unsere ausf\u00fchrlichen Diskussionen \u00fcber Land, Leute und Politik wichtig, um Verst\u00e4ndnis f\u00fcr die Menschen zu erlangen. Wer nicht nur Landschaft sehen will, sondern auch verstehen will was passiert sollte sich von Dir f\u00fchren lassen. Alles Gute f\u00fcr die Zukunft.<\/p>\n<p><b>Edo L\u00fcbbing von Gaertner und Alexander K\u00fcnzel \u2013 Bremen \u2013 Deutschland \u2013 Juni 2006<\/b><\/p>\n","protected":false},"excerpt":{"rendered":"<p>Lieber Julian, ich m\u00f6chte mich f\u00fcr die 14 Tage in den Karpaten herzlich bedanken. Die Wanderungen durch die Berge waren ein wirklich beeindruckendes Erlebnis. F\u00fcr uns aus dem norddeutschen Flachland war es toll so durch das fremde land gef\u00fchrt zu werden. Wir werden Dich gerne wieder besuchen und deine F\u00fchrung geniessen. Durch dich haben wir&#8230;  <a class=\"excerpt-read-more\" href=\"https:\/\/www.mountainguide.ro\/de\/bucegi-piatra-craiului-fagaras-gebirgstour\/\" title=\"Read Bucegi, Piatra Craiului, Fagaras Gebirgstour\">Weiter &raquo;<\/a><\/p>\n","protected":false},"author":3,"featured_media":0,"comment_status":"closed","ping_status":"closed","sticky":false,"template":"","format":"standard","meta":{"footnotes":""},"categories":[569],"tags":[],"class_list":["post-9880","post","type-post","status-publish","format-standard","hentry","category-trail-testimonials"],"yoast_head":"<!-- This site is optimized with the Yoast SEO plugin v27.5 - https:\/\/yoast.com\/product\/yoast-seo-wordpress\/ -->\n<title>Bucegi, Piatra Craiului, Fagaras Gebirgstour<\/title>\n<meta name=\"robots\" content=\"index, follow, max-snippet:-1, max-image-preview:large, max-video-preview:-1\" \/>\n<link rel=\"canonical\" href=\"https:\/\/www.mountainguide.ro\/de\/?p=9880\" \/>\n<meta property=\"og:locale\" content=\"de_DE\" \/>\n<meta property=\"og:type\" content=\"article\" \/>\n<meta property=\"og:title\" content=\"Bucegi, Piatra Craiului, Fagaras Gebirgstour\" \/>\n<meta property=\"og:description\" content=\"Lieber Julian, ich m\u00f6chte mich f\u00fcr die 14 Tage in den Karpaten herzlich bedanken. Die Wanderungen durch die Berge waren ein wirklich beeindruckendes Erlebnis. F\u00fcr uns aus dem norddeutschen Flachland war es toll so durch das fremde land gef\u00fchrt zu werden. Wir werden Dich gerne wieder besuchen und deine F\u00fchrung geniessen. Durch dich haben wir... Weiter &raquo;\" \/>\n<meta property=\"og:url\" content=\"http:\/\/www.mountainguide.ro\/de\/?p=9880\" \/>\n<meta property=\"og:site_name\" content=\"Bergf\u00fchrer f\u00fcr Bergtouren in den rum\u00e4nischen Bergen\" \/>\n<meta property=\"article:publisher\" content=\"https:\/\/www.facebook.com\/mountainguide.ro\/\" \/>\n<meta property=\"article:published_time\" content=\"2014-01-15T13:35:22+00:00\" \/>\n<meta property=\"article:modified_time\" content=\"2025-01-21T13:34:54+00:00\" \/>\n<meta name=\"author\" content=\"Iulian Cozma\" \/>\n<meta name=\"twitter:card\" content=\"summary_large_image\" \/>\n<meta name=\"twitter:label1\" content=\"Verfasst von\" \/>\n\t<meta name=\"twitter:data1\" content=\"Iulian Cozma\" \/>\n\t<meta name=\"twitter:label2\" content=\"Gesch\u00e4tzte Lesezeit\" \/>\n\t<meta name=\"twitter:data2\" content=\"1\u00a0Minute\" \/>\n<script type=\"application\/ld+json\" class=\"yoast-schema-graph\">{\"@context\":\"https:\\\/\\\/schema.org\",\"@graph\":[{\"@type\":\"Article\",\"@id\":\"https:\\\/\\\/www.mountainguide.ro\\\/en\\\/?p=9880#article\",\"isPartOf\":{\"@id\":\"https:\\\/\\\/www.mountainguide.ro\\\/en\\\/?p=9880\"},\"author\":{\"name\":\"Iulian Cozma\",\"@id\":\"https:\\\/\\\/www.mountainguide.ro\\\/en\\\/#\\\/schema\\\/person\\\/18a7fc93eec8ec6c3ddbc26bbe2ad443\"},\"headline\":\"Bucegi, Piatra Craiului, Fagaras Gebirgstour\",\"datePublished\":\"2014-01-15T13:35:22+00:00\",\"dateModified\":\"2025-01-21T13:34:54+00:00\",\"mainEntityOfPage\":{\"@id\":\"https:\\\/\\\/www.mountainguide.ro\\\/en\\\/?p=9880\"},\"wordCount\":137,\"articleSection\":[\"Wandern referenzen, Erlebnistouren in Rum\u00e4nien\"],\"inLanguage\":\"de\"},{\"@type\":\"WebPage\",\"@id\":\"https:\\\/\\\/www.mountainguide.ro\\\/de\\\/?p=9880\",\"url\":\"https:\\\/\\\/www.mountainguide.ro\\\/de\\\/?p=9880\",\"name\":\"Bucegi, Piatra Craiului, Fagaras Gebirgstour\",\"isPartOf\":{\"@id\":\"https:\\\/\\\/www.mountainguide.ro\\\/de\\\/#website\"},\"datePublished\":\"2014-01-15T13:35:22+00:00\",\"dateModified\":\"2025-01-21T13:34:54+00:00\",\"author\":{\"@id\":\"https:\\\/\\\/www.mountainguide.ro\\\/en\\\/#\\\/schema\\\/person\\\/18a7fc93eec8ec6c3ddbc26bbe2ad443\"},\"breadcrumb\":{\"@id\":\"https:\\\/\\\/www.mountainguide.ro\\\/de\\\/?p=9880#breadcrumb\"},\"inLanguage\":\"de\",\"potentialAction\":[{\"@type\":\"ReadAction\",\"target\":[[\"https:\\\/\\\/www.mountainguide.ro\\\/de\\\/?p=9880\"]]}]},{\"@type\":\"BreadcrumbList\",\"@id\":\"https:\\\/\\\/www.mountainguide.ro\\\/de\\\/?p=9880#breadcrumb\",\"itemListElement\":[{\"@type\":\"ListItem\",\"position\":1,\"name\":\"Home\",\"item\":\"https:\\\/\\\/www.mountainguide.ro\\\/de\\\/\"},{\"@type\":\"ListItem\",\"position\":2,\"name\":\"Bucegi, Piatra Craiului, Fagaras Gebirgstour\"}]},{\"@type\":\"WebSite\",\"@id\":\"https:\\\/\\\/www.mountainguide.ro\\\/de\\\/#website\",\"url\":\"https:\\\/\\\/www.mountainguide.ro\\\/de\\\/\",\"name\":\"Bergf\u00fchrer f\u00fcr Bergtouren in den rum\u00e4nischen Bergen\",\"description\":\"Trekking, Wandern, Skitouren in Rum\u00e4nien\",\"potentialAction\":[{\"@type\":\"SearchAction\",\"target\":{\"@type\":\"EntryPoint\",\"urlTemplate\":\"https:\\\/\\\/www.mountainguide.ro\\\/de\\\/?s={search_term_string}\"},\"query-input\":{\"@type\":\"PropertyValueSpecification\",\"valueRequired\":true,\"valueName\":\"search_term_string\"}}],\"inLanguage\":\"de\"},{\"@type\":\"Person\",\"@id\":\"https:\\\/\\\/www.mountainguide.ro\\\/en\\\/#\\\/schema\\\/person\\\/18a7fc93eec8ec6c3ddbc26bbe2ad443\",\"name\":\"Iulian Cozma\",\"sameAs\":[\"http:\\\/\\\/www.mountainguide.ro\"],\"url\":\"https:\\\/\\\/www.mountainguide.ro\\\/de\\\/author\\\/iulica\\\/\"}]}<\/script>\n<!-- \/ Yoast SEO plugin. -->","yoast_head_json":{"title":"Bucegi, Piatra Craiului, Fagaras Gebirgstour","robots":{"index":"index","follow":"follow","max-snippet":"max-snippet:-1","max-image-preview":"max-image-preview:large","max-video-preview":"max-video-preview:-1"},"canonical":"https:\/\/www.mountainguide.ro\/de\/?p=9880","og_locale":"de_DE","og_type":"article","og_title":"Bucegi, Piatra Craiului, Fagaras Gebirgstour","og_description":"Lieber Julian, ich m\u00f6chte mich f\u00fcr die 14 Tage in den Karpaten herzlich bedanken. Die Wanderungen durch die Berge waren ein wirklich beeindruckendes Erlebnis. F\u00fcr uns aus dem norddeutschen Flachland war es toll so durch das fremde land gef\u00fchrt zu werden. Wir werden Dich gerne wieder besuchen und deine F\u00fchrung geniessen. Durch dich haben wir... Weiter &raquo;","og_url":"http:\/\/www.mountainguide.ro\/de\/?p=9880","og_site_name":"Bergf\u00fchrer f\u00fcr Bergtouren in den rum\u00e4nischen Bergen","article_publisher":"https:\/\/www.facebook.com\/mountainguide.ro\/","article_published_time":"2014-01-15T13:35:22+00:00","article_modified_time":"2025-01-21T13:34:54+00:00","author":"Iulian Cozma","twitter_card":"summary_large_image","twitter_misc":{"Verfasst von":"Iulian Cozma","Gesch\u00e4tzte Lesezeit":"1\u00a0Minute"},"schema":{"@context":"https:\/\/schema.org","@graph":[{"@type":"Article","@id":"https:\/\/www.mountainguide.ro\/en\/?p=9880#article","isPartOf":{"@id":"https:\/\/www.mountainguide.ro\/en\/?p=9880"},"author":{"name":"Iulian Cozma","@id":"https:\/\/www.mountainguide.ro\/en\/#\/schema\/person\/18a7fc93eec8ec6c3ddbc26bbe2ad443"},"headline":"Bucegi, Piatra Craiului, Fagaras Gebirgstour","datePublished":"2014-01-15T13:35:22+00:00","dateModified":"2025-01-21T13:34:54+00:00","mainEntityOfPage":{"@id":"https:\/\/www.mountainguide.ro\/en\/?p=9880"},"wordCount":137,"articleSection":["Wandern referenzen, Erlebnistouren in Rum\u00e4nien"],"inLanguage":"de"},{"@type":"WebPage","@id":"https:\/\/www.mountainguide.ro\/de\/?p=9880","url":"https:\/\/www.mountainguide.ro\/de\/?p=9880","name":"Bucegi, Piatra Craiului, Fagaras Gebirgstour","isPartOf":{"@id":"https:\/\/www.mountainguide.ro\/de\/#website"},"datePublished":"2014-01-15T13:35:22+00:00","dateModified":"2025-01-21T13:34:54+00:00","author":{"@id":"https:\/\/www.mountainguide.ro\/en\/#\/schema\/person\/18a7fc93eec8ec6c3ddbc26bbe2ad443"},"breadcrumb":{"@id":"https:\/\/www.mountainguide.ro\/de\/?p=9880#breadcrumb"},"inLanguage":"de","potentialAction":[{"@type":"ReadAction","target":[["https:\/\/www.mountainguide.ro\/de\/?p=9880"]]}]},{"@type":"BreadcrumbList","@id":"https:\/\/www.mountainguide.ro\/de\/?p=9880#breadcrumb","itemListElement":[{"@type":"ListItem","position":1,"name":"Home","item":"https:\/\/www.mountainguide.ro\/de\/"},{"@type":"ListItem","position":2,"name":"Bucegi, Piatra Craiului, Fagaras Gebirgstour"}]},{"@type":"WebSite","@id":"https:\/\/www.mountainguide.ro\/de\/#website","url":"https:\/\/www.mountainguide.ro\/de\/","name":"Bergf\u00fchrer f\u00fcr Bergtouren in den rum\u00e4nischen Bergen","description":"Trekking, Wandern, Skitouren in Rum\u00e4nien","potentialAction":[{"@type":"SearchAction","target":{"@type":"EntryPoint","urlTemplate":"https:\/\/www.mountainguide.ro\/de\/?s={search_term_string}"},"query-input":{"@type":"PropertyValueSpecification","valueRequired":true,"valueName":"search_term_string"}}],"inLanguage":"de"},{"@type":"Person","@id":"https:\/\/www.mountainguide.ro\/en\/#\/schema\/person\/18a7fc93eec8ec6c3ddbc26bbe2ad443","name":"Iulian Cozma","sameAs":["http:\/\/www.mountainguide.ro"],"url":"https:\/\/www.mountainguide.ro\/de\/author\/iulica\/"}]}},"_links":{"self":[{"href":"https:\/\/www.mountainguide.ro\/de\/wp-json\/wp\/v2\/posts\/9880","targetHints":{"allow":["GET"]}}],"collection":[{"href":"https:\/\/www.mountainguide.ro\/de\/wp-json\/wp\/v2\/posts"}],"about":[{"href":"https:\/\/www.mountainguide.ro\/de\/wp-json\/wp\/v2\/types\/post"}],"author":[{"embeddable":true,"href":"https:\/\/www.mountainguide.ro\/de\/wp-json\/wp\/v2\/users\/3"}],"replies":[{"embeddable":true,"href":"https:\/\/www.mountainguide.ro\/de\/wp-json\/wp\/v2\/comments?post=9880"}],"version-history":[{"count":1,"href":"https:\/\/www.mountainguide.ro\/de\/wp-json\/wp\/v2\/posts\/9880\/revisions"}],"predecessor-version":[{"id":9881,"href":"https:\/\/www.mountainguide.ro\/de\/wp-json\/wp\/v2\/posts\/9880\/revisions\/9881"}],"wp:attachment":[{"href":"https:\/\/www.mountainguide.ro\/de\/wp-json\/wp\/v2\/media?parent=9880"}],"wp:term":[{"taxonomy":"category","embeddable":true,"href":"https:\/\/www.mountainguide.ro\/de\/wp-json\/wp\/v2\/categories?post=9880"},{"taxonomy":"post_tag","embeddable":true,"href":"https:\/\/www.mountainguide.ro\/de\/wp-json\/wp\/v2\/tags?post=9880"}],"curies":[{"name":"wp","href":"https:\/\/api.w.org\/{rel}","templated":true}]}}