{"id":4586,"date":"2011-05-22T16:05:54","date_gmt":"2011-05-22T13:05:54","guid":{"rendered":"http:\/\/www.mountainguide.ro\/?p=4586"},"modified":"2025-01-21T15:35:04","modified_gmt":"2025-01-21T13:35:04","slug":"wandern-in-rumanien-wandern-in-siebenburgen-bergdorfer","status":"publish","type":"post","link":"https:\/\/www.mountainguide.ro\/de\/wandern-in-rumanien-wandern-in-siebenburgen-bergdorfer\/","title":{"rendered":"Wandern in Rum\u00e4nien, Wandern in Siebenb\u00fcrgen Bergd\u00f6rfer"},"content":{"rendered":"<p><img loading=\"lazy\" decoding=\"async\" class=\"size-full wp-image-4587 aligncenter\" title=\"Wandern in Siebenb\u00fcrgen Landschaft auf Bergd\u00f6rfer\" alt=\"\" src=\"http:\/\/www.mountainguide.ro\/wp-content\/uploads\/2011\/05\/cover2.jpg\" width=\"630\" height=\"421\" srcset=\"https:\/\/www.mountainguide.ro\/wp-content\/uploads\/2011\/05\/cover2.jpg 630w, https:\/\/www.mountainguide.ro\/wp-content\/uploads\/2011\/05\/cover2-330x220.jpg 330w\" sizes=\"auto, (max-width: 630px) 100vw, 630px\" \/>Greetings,<\/p>\n<p>to be very honest my knowledge\u00a0 about German language are not so great, I mean I can say that I speak some German, as basic conversation, but unfortunately for the moment I&#8217;m not able to lead a Walking &amp; culture (Wandern und Kultur) tour on our nice mountain villages, but I think that I manage this type of tour very well in English \ud83d\ude09 Luckily Erika and Marcel spoke English, and like this we enjoyed our tour \ud83d\ude42<\/p>\n<p>My guests on middle of May, 16-21 May, were coming from Berlin, Erika and Marcel, and as you may see from photos below, we did a nice tour on our mountain villages from Bran county area, milking cows (thanks Joana and Breaza! ), making cheese on a local pension, and not the last having interesting conversations with local people which we meet on our walks.<\/p>\n<p>The man working on metal, from the top of the page, is born is 1929, named Nicolae, and he live on Simon village. During the second world war he was a boy of 14 years old, working in a sheep farm near Ciucas mountains, in Bratocea pass. When at the end of the war the German troupes start to retreat because the Russians were coming, the need food. And they stop to the sheep farm where Nicolae from Simon village was working helping the shepherds. They ask for 3 cows, 12 sheep and a lot of cheese. Even if was a war, <strong>they pay<\/strong> for the cows, sheep and cheese, and they follow their way&#8230; When the Russian soldiers arrive, they didn&#8217;t ask about the animals or cheese, <strong>they confiscate<\/strong> all what Nicolae and the shepherds have, and were gone&#8230;.<\/p>\n<p>This was one of the stories what we listen on our walking days from South East of Transylvania &#8230; At the end of his story Nicolae said: &#8222;Niste domni Nemtii domne&#8216; niste domni, au cerut mancare si au platit-o, si asa iti dai seama de cultura unui popor, pe cand Rusii au confiscat tot &#8230;.&#8220; \/ &#8222;The\u00a0 Germans were gentlemen, demanded food and paid for it, so you realize what is the level of the culture of a country, while the Russians had confiscated all &#8230;.&#8220;<\/p>\n<p>And I think he was perfectly right&#8230;<\/p>\n<p>Best regards from Brasov,<br \/>\nIulian<\/p>\n<hr size=\"1\" \/>\n<p><strong>Testimonial:<\/strong><br \/>\nDear Iulian , sorry. I haven&#8217;t wrote you immediately to your mails. I received an read them all ! Thank our for all your efforts. I had to laugh to see us unsporty Eberls on your<br \/>\nsuper interne-space. Thanks by the way!<br \/>\nThe pictures are lovely. I haven&#8217;t had time to select mine&#8230;yet. Bucaresti was interesting especially the house of people, but the city is really exhausting! we were glad to spend there only 1 day. We are back in Berlin and evrey day life has us back, but I&#8217;m telling everyone about this interesting and beautiful land(scape of) Romania and of course about you!<br \/>\nI&#8217;d plan to come back maybe with some friends next year.<br \/>\nTake care.<br \/>\nBest regards <strong>Erika &amp; Marcel Eberl &#8211; Berlin, May 2011<\/strong><\/p>\n\n\t\t<style type=\"text\/css\">\n\t\t\t#gallery-1 {\n\t\t\t\tmargin: auto;\n\t\t\t}\n\t\t\t#gallery-1 .gallery-item {\n\t\t\t\tfloat: left;\n\t\t\t\tmargin-top: 10px;\n\t\t\t\ttext-align: center;\n\t\t\t\twidth: 16%;\n\t\t\t}\n\t\t\t#gallery-1 img {\n\t\t\t\tborder: 2px solid #cfcfcf;\n\t\t\t}\n\t\t\t#gallery-1 .gallery-caption {\n\t\t\t\tmargin-left: 0;\n\t\t\t}\n\t\t\t\/* see gallery_shortcode() in wp-includes\/media.php *\/\n\t\t<\/style>\n\t\t<div id='gallery-1' class='gallery galleryid-4586 gallery-columns-6 gallery-size-thumbnail'><dl class='gallery-item'>\n\t\t\t<dt class='gallery-icon landscape'>\n\t\t\t\t<a href='https:\/\/www.mountainguide.ro\/wp-content\/uploads\/2011\/05\/cover2.jpg' rel=\"lightbox[4586]\"><img loading=\"lazy\" decoding=\"async\" width=\"100\" height=\"67\" src=\"https:\/\/www.mountainguide.ro\/wp-content\/uploads\/2011\/05\/cover2.jpg\" class=\"attachment-thumbnail size-thumbnail\" alt=\"\" srcset=\"https:\/\/www.mountainguide.ro\/wp-content\/uploads\/2011\/05\/cover2.jpg 630w, https:\/\/www.mountainguide.ro\/wp-content\/uploads\/2011\/05\/cover2-330x220.jpg 330w\" sizes=\"auto, (max-width: 100px) 100vw, 100px\" \/><\/a>\n\t\t\t<\/dt><\/dl><dl class='gallery-item'>\n\t\t\t<dt class='gallery-icon landscape'>\n\t\t\t\t<a href='https:\/\/www.mountainguide.ro\/wp-content\/uploads\/2011\/05\/IMG_4728.jpg' rel=\"lightbox[4586]\"><img loading=\"lazy\" decoding=\"async\" width=\"100\" height=\"100\" src=\"https:\/\/www.mountainguide.ro\/wp-content\/uploads\/2011\/05\/IMG_4728-100x100.jpg\" class=\"attachment-thumbnail size-thumbnail\" alt=\"\" \/><\/a>\n\t\t\t<\/dt><\/dl><dl class='gallery-item'>\n\t\t\t<dt class='gallery-icon portrait'>\n\t\t\t\t<a href='https:\/\/www.mountainguide.ro\/wp-content\/uploads\/2011\/05\/IMG_4730.jpg' rel=\"lightbox[4586]\"><img loading=\"lazy\" decoding=\"async\" width=\"100\" height=\"100\" src=\"https:\/\/www.mountainguide.ro\/wp-content\/uploads\/2011\/05\/IMG_4730-100x100.jpg\" class=\"attachment-thumbnail size-thumbnail\" alt=\"\" \/><\/a>\n\t\t\t<\/dt><\/dl><dl class='gallery-item'>\n\t\t\t<dt class='gallery-icon landscape'>\n\t\t\t\t<a href='https:\/\/www.mountainguide.ro\/wp-content\/uploads\/2011\/05\/IMG_4732.jpg' rel=\"lightbox[4586]\"><img loading=\"lazy\" decoding=\"async\" width=\"100\" height=\"100\" src=\"https:\/\/www.mountainguide.ro\/wp-content\/uploads\/2011\/05\/IMG_4732-100x100.jpg\" class=\"attachment-thumbnail size-thumbnail\" alt=\"\" \/><\/a>\n\t\t\t<\/dt><\/dl><dl class='gallery-item'>\n\t\t\t<dt class='gallery-icon landscape'>\n\t\t\t\t<a href='https:\/\/www.mountainguide.ro\/wp-content\/uploads\/2011\/05\/IMG_4734.jpg' rel=\"lightbox[4586]\"><img loading=\"lazy\" decoding=\"async\" width=\"100\" height=\"100\" src=\"https:\/\/www.mountainguide.ro\/wp-content\/uploads\/2011\/05\/IMG_4734-100x100.jpg\" class=\"attachment-thumbnail size-thumbnail\" alt=\"\" \/><\/a>\n\t\t\t<\/dt><\/dl><dl class='gallery-item'>\n\t\t\t<dt class='gallery-icon landscape'>\n\t\t\t\t<a href='https:\/\/www.mountainguide.ro\/wp-content\/uploads\/2011\/05\/IMG_4736.jpg' rel=\"lightbox[4586]\"><img loading=\"lazy\" decoding=\"async\" width=\"100\" height=\"100\" src=\"https:\/\/www.mountainguide.ro\/wp-content\/uploads\/2011\/05\/IMG_4736-100x100.jpg\" class=\"attachment-thumbnail size-thumbnail\" alt=\"\" \/><\/a>\n\t\t\t<\/dt><\/dl><br style=\"clear: both\" \/><dl class='gallery-item'>\n\t\t\t<dt class='gallery-icon portrait'>\n\t\t\t\t<a href='https:\/\/www.mountainguide.ro\/wp-content\/uploads\/2011\/05\/Wandern-in-Siebenb\u00fcrgen-Landschaft-auf-Bergd\u00f6rfer-1.jpg' rel=\"lightbox[4586]\"><img loading=\"lazy\" decoding=\"async\" width=\"100\" height=\"100\" src=\"https:\/\/www.mountainguide.ro\/wp-content\/uploads\/2011\/05\/Wandern-in-Siebenb\u00fcrgen-Landschaft-auf-Bergd\u00f6rfer-1-100x100.jpg\" class=\"attachment-thumbnail size-thumbnail\" alt=\"\" \/><\/a>\n\t\t\t<\/dt><\/dl><dl class='gallery-item'>\n\t\t\t<dt class='gallery-icon landscape'>\n\t\t\t\t<a href='https:\/\/www.mountainguide.ro\/wp-content\/uploads\/2011\/05\/Wandern-in-Siebenb\u00fcrgen-Landschaft-auf-Bergd\u00f6rfer-2.jpg' rel=\"lightbox[4586]\"><img loading=\"lazy\" decoding=\"async\" width=\"100\" height=\"100\" src=\"https:\/\/www.mountainguide.ro\/wp-content\/uploads\/2011\/05\/Wandern-in-Siebenb\u00fcrgen-Landschaft-auf-Bergd\u00f6rfer-2-100x100.jpg\" class=\"attachment-thumbnail size-thumbnail\" alt=\"\" \/><\/a>\n\t\t\t<\/dt><\/dl><dl class='gallery-item'>\n\t\t\t<dt class='gallery-icon landscape'>\n\t\t\t\t<a href='https:\/\/www.mountainguide.ro\/wp-content\/uploads\/2011\/05\/Wandern-in-Siebenb\u00fcrgen-Landschaft-auf-Bergd\u00f6rfer-3.jpg' rel=\"lightbox[4586]\"><img loading=\"lazy\" decoding=\"async\" width=\"100\" height=\"100\" src=\"https:\/\/www.mountainguide.ro\/wp-content\/uploads\/2011\/05\/Wandern-in-Siebenb\u00fcrgen-Landschaft-auf-Bergd\u00f6rfer-3-100x100.jpg\" class=\"attachment-thumbnail size-thumbnail\" alt=\"\" \/><\/a>\n\t\t\t<\/dt><\/dl><dl class='gallery-item'>\n\t\t\t<dt class='gallery-icon portrait'>\n\t\t\t\t<a href='https:\/\/www.mountainguide.ro\/wp-content\/uploads\/2011\/05\/Wandern-in-Siebenb\u00fcrgen-Landschaft-auf-Bergd\u00f6rfer-4.jpg' rel=\"lightbox[4586]\"><img loading=\"lazy\" decoding=\"async\" width=\"100\" height=\"100\" src=\"https:\/\/www.mountainguide.ro\/wp-content\/uploads\/2011\/05\/Wandern-in-Siebenb\u00fcrgen-Landschaft-auf-Bergd\u00f6rfer-4-100x100.jpg\" class=\"attachment-thumbnail size-thumbnail\" alt=\"\" \/><\/a>\n\t\t\t<\/dt><\/dl><dl class='gallery-item'>\n\t\t\t<dt class='gallery-icon portrait'>\n\t\t\t\t<a href='https:\/\/www.mountainguide.ro\/wp-content\/uploads\/2011\/05\/Wandern-in-Siebenb\u00fcrgen-Landschaft-auf-Bergd\u00f6rfer-5.jpg' rel=\"lightbox[4586]\"><img loading=\"lazy\" decoding=\"async\" width=\"100\" height=\"100\" src=\"https:\/\/www.mountainguide.ro\/wp-content\/uploads\/2011\/05\/Wandern-in-Siebenb\u00fcrgen-Landschaft-auf-Bergd\u00f6rfer-5-100x100.jpg\" class=\"attachment-thumbnail size-thumbnail\" alt=\"\" \/><\/a>\n\t\t\t<\/dt><\/dl><dl class='gallery-item'>\n\t\t\t<dt class='gallery-icon landscape'>\n\t\t\t\t<a href='https:\/\/www.mountainguide.ro\/wp-content\/uploads\/2011\/05\/Wandern-in-Siebenb\u00fcrgen-Landschaft-auf-Bergd\u00f6rfer-6.jpg' rel=\"lightbox[4586]\"><img loading=\"lazy\" decoding=\"async\" width=\"100\" height=\"100\" src=\"https:\/\/www.mountainguide.ro\/wp-content\/uploads\/2011\/05\/Wandern-in-Siebenb\u00fcrgen-Landschaft-auf-Bergd\u00f6rfer-6-100x100.jpg\" class=\"attachment-thumbnail size-thumbnail\" alt=\"\" \/><\/a>\n\t\t\t<\/dt><\/dl><br style=\"clear: both\" \/><dl class='gallery-item'>\n\t\t\t<dt class='gallery-icon portrait'>\n\t\t\t\t<a href='https:\/\/www.mountainguide.ro\/wp-content\/uploads\/2011\/05\/Wandern-in-Siebenb\u00fcrgen-Landschaft-auf-Bergd\u00f6rfer-7.jpg' rel=\"lightbox[4586]\"><img loading=\"lazy\" decoding=\"async\" width=\"100\" height=\"100\" src=\"https:\/\/www.mountainguide.ro\/wp-content\/uploads\/2011\/05\/Wandern-in-Siebenb\u00fcrgen-Landschaft-auf-Bergd\u00f6rfer-7-100x100.jpg\" class=\"attachment-thumbnail size-thumbnail\" alt=\"\" \/><\/a>\n\t\t\t<\/dt><\/dl><dl class='gallery-item'>\n\t\t\t<dt class='gallery-icon portrait'>\n\t\t\t\t<a href='https:\/\/www.mountainguide.ro\/wp-content\/uploads\/2011\/05\/Wandern-in-Siebenb\u00fcrgen-Landschaft-auf-Bergd\u00f6rfer-8.jpg' rel=\"lightbox[4586]\"><img loading=\"lazy\" decoding=\"async\" width=\"100\" height=\"100\" src=\"https:\/\/www.mountainguide.ro\/wp-content\/uploads\/2011\/05\/Wandern-in-Siebenb\u00fcrgen-Landschaft-auf-Bergd\u00f6rfer-8-100x100.jpg\" class=\"attachment-thumbnail size-thumbnail\" alt=\"\" \/><\/a>\n\t\t\t<\/dt><\/dl><dl class='gallery-item'>\n\t\t\t<dt class='gallery-icon portrait'>\n\t\t\t\t<a href='https:\/\/www.mountainguide.ro\/wp-content\/uploads\/2011\/05\/Wandern-in-Siebenb\u00fcrgen-Landschaft-auf-Bergd\u00f6rfer-9.jpg' rel=\"lightbox[4586]\"><img loading=\"lazy\" decoding=\"async\" width=\"100\" height=\"100\" src=\"https:\/\/www.mountainguide.ro\/wp-content\/uploads\/2011\/05\/Wandern-in-Siebenb\u00fcrgen-Landschaft-auf-Bergd\u00f6rfer-9-100x100.jpg\" class=\"attachment-thumbnail size-thumbnail\" alt=\"\" \/><\/a>\n\t\t\t<\/dt><\/dl><dl class='gallery-item'>\n\t\t\t<dt class='gallery-icon landscape'>\n\t\t\t\t<a href='https:\/\/www.mountainguide.ro\/wp-content\/uploads\/2011\/05\/Wandern-in-Siebenb\u00fcrgen-Landschaft-auf-Bergd\u00f6rfer-10.jpg' rel=\"lightbox[4586]\"><img loading=\"lazy\" decoding=\"async\" width=\"100\" height=\"100\" src=\"https:\/\/www.mountainguide.ro\/wp-content\/uploads\/2011\/05\/Wandern-in-Siebenb\u00fcrgen-Landschaft-auf-Bergd\u00f6rfer-10-100x100.jpg\" class=\"attachment-thumbnail size-thumbnail\" alt=\"\" \/><\/a>\n\t\t\t<\/dt><\/dl><dl class='gallery-item'>\n\t\t\t<dt class='gallery-icon landscape'>\n\t\t\t\t<a href='https:\/\/www.mountainguide.ro\/wp-content\/uploads\/2011\/05\/Wandern-in-Siebenb\u00fcrgen-Landschaft-auf-Bergd\u00f6rfer-11.jpg' rel=\"lightbox[4586]\"><img loading=\"lazy\" decoding=\"async\" width=\"100\" height=\"100\" src=\"https:\/\/www.mountainguide.ro\/wp-content\/uploads\/2011\/05\/Wandern-in-Siebenb\u00fcrgen-Landschaft-auf-Bergd\u00f6rfer-11-100x100.jpg\" class=\"attachment-thumbnail size-thumbnail\" alt=\"\" \/><\/a>\n\t\t\t<\/dt><\/dl><dl class='gallery-item'>\n\t\t\t<dt class='gallery-icon landscape'>\n\t\t\t\t<a href='https:\/\/www.mountainguide.ro\/wp-content\/uploads\/2011\/05\/Wandern-in-Siebenb\u00fcrgen-Landschaft-auf-Bergd\u00f6rfer-12.jpg' rel=\"lightbox[4586]\"><img loading=\"lazy\" decoding=\"async\" width=\"100\" height=\"100\" src=\"https:\/\/www.mountainguide.ro\/wp-content\/uploads\/2011\/05\/Wandern-in-Siebenb\u00fcrgen-Landschaft-auf-Bergd\u00f6rfer-12-100x100.jpg\" class=\"attachment-thumbnail size-thumbnail\" alt=\"\" \/><\/a>\n\t\t\t<\/dt><\/dl><br style=\"clear: both\" \/><dl class='gallery-item'>\n\t\t\t<dt class='gallery-icon landscape'>\n\t\t\t\t<a href='https:\/\/www.mountainguide.ro\/wp-content\/uploads\/2011\/05\/Wandern-in-Siebenb\u00fcrgen-Landschaft-auf-Bergd\u00f6rfer-13.jpg' rel=\"lightbox[4586]\"><img loading=\"lazy\" decoding=\"async\" width=\"100\" height=\"100\" src=\"https:\/\/www.mountainguide.ro\/wp-content\/uploads\/2011\/05\/Wandern-in-Siebenb\u00fcrgen-Landschaft-auf-Bergd\u00f6rfer-13-100x100.jpg\" class=\"attachment-thumbnail size-thumbnail\" alt=\"\" \/><\/a>\n\t\t\t<\/dt><\/dl><dl class='gallery-item'>\n\t\t\t<dt class='gallery-icon portrait'>\n\t\t\t\t<a href='https:\/\/www.mountainguide.ro\/wp-content\/uploads\/2011\/05\/Wandern-in-Siebenb\u00fcrgen-Landschaft-auf-Bergd\u00f6rfer-14.jpg' rel=\"lightbox[4586]\"><img loading=\"lazy\" decoding=\"async\" width=\"100\" height=\"100\" src=\"https:\/\/www.mountainguide.ro\/wp-content\/uploads\/2011\/05\/Wandern-in-Siebenb\u00fcrgen-Landschaft-auf-Bergd\u00f6rfer-14-100x100.jpg\" class=\"attachment-thumbnail size-thumbnail\" alt=\"\" \/><\/a>\n\t\t\t<\/dt><\/dl><dl class='gallery-item'>\n\t\t\t<dt class='gallery-icon landscape'>\n\t\t\t\t<a href='https:\/\/www.mountainguide.ro\/wp-content\/uploads\/2011\/05\/Wandern-in-Siebenb\u00fcrgen-Landschaft-auf-Bergd\u00f6rfer-15.jpg' rel=\"lightbox[4586]\"><img loading=\"lazy\" decoding=\"async\" width=\"100\" height=\"100\" src=\"https:\/\/www.mountainguide.ro\/wp-content\/uploads\/2011\/05\/Wandern-in-Siebenb\u00fcrgen-Landschaft-auf-Bergd\u00f6rfer-15-100x100.jpg\" class=\"attachment-thumbnail size-thumbnail\" alt=\"\" \/><\/a>\n\t\t\t<\/dt><\/dl><dl class='gallery-item'>\n\t\t\t<dt class='gallery-icon portrait'>\n\t\t\t\t<a href='https:\/\/www.mountainguide.ro\/wp-content\/uploads\/2011\/05\/Wandern-in-Siebenb\u00fcrgen-Landschaft-auf-Bergd\u00f6rfer-16.jpg' rel=\"lightbox[4586]\"><img loading=\"lazy\" decoding=\"async\" width=\"100\" height=\"100\" src=\"https:\/\/www.mountainguide.ro\/wp-content\/uploads\/2011\/05\/Wandern-in-Siebenb\u00fcrgen-Landschaft-auf-Bergd\u00f6rfer-16-100x100.jpg\" class=\"attachment-thumbnail size-thumbnail\" alt=\"\" \/><\/a>\n\t\t\t<\/dt><\/dl><dl class='gallery-item'>\n\t\t\t<dt class='gallery-icon landscape'>\n\t\t\t\t<a href='https:\/\/www.mountainguide.ro\/wp-content\/uploads\/2011\/05\/Wandern-in-Siebenb\u00fcrgen-Landschaft-auf-Bergd\u00f6rfer-17.jpg' rel=\"lightbox[4586]\"><img loading=\"lazy\" decoding=\"async\" width=\"100\" height=\"100\" src=\"https:\/\/www.mountainguide.ro\/wp-content\/uploads\/2011\/05\/Wandern-in-Siebenb\u00fcrgen-Landschaft-auf-Bergd\u00f6rfer-17-100x100.jpg\" class=\"attachment-thumbnail size-thumbnail\" alt=\"\" \/><\/a>\n\t\t\t<\/dt><\/dl><dl class='gallery-item'>\n\t\t\t<dt class='gallery-icon landscape'>\n\t\t\t\t<a href='https:\/\/www.mountainguide.ro\/wp-content\/uploads\/2011\/05\/Wandern-in-Siebenb\u00fcrgen-Landschaft-auf-Bergd\u00f6rfer-18.jpg' rel=\"lightbox[4586]\"><img loading=\"lazy\" decoding=\"async\" width=\"100\" height=\"100\" src=\"https:\/\/www.mountainguide.ro\/wp-content\/uploads\/2011\/05\/Wandern-in-Siebenb\u00fcrgen-Landschaft-auf-Bergd\u00f6rfer-18-100x100.jpg\" class=\"attachment-thumbnail size-thumbnail\" alt=\"\" \/><\/a>\n\t\t\t<\/dt><\/dl><br style=\"clear: both\" \/><dl class='gallery-item'>\n\t\t\t<dt class='gallery-icon landscape'>\n\t\t\t\t<a href='https:\/\/www.mountainguide.ro\/wp-content\/uploads\/2011\/05\/Wandern-in-Siebenb\u00fcrgen-Landschaft-auf-Bergd\u00f6rfer-19.jpg' rel=\"lightbox[4586]\"><img loading=\"lazy\" decoding=\"async\" width=\"100\" height=\"100\" src=\"https:\/\/www.mountainguide.ro\/wp-content\/uploads\/2011\/05\/Wandern-in-Siebenb\u00fcrgen-Landschaft-auf-Bergd\u00f6rfer-19-100x100.jpg\" class=\"attachment-thumbnail size-thumbnail\" alt=\"\" \/><\/a>\n\t\t\t<\/dt><\/dl><dl class='gallery-item'>\n\t\t\t<dt class='gallery-icon landscape'>\n\t\t\t\t<a href='https:\/\/www.mountainguide.ro\/wp-content\/uploads\/2011\/05\/Wandern-in-Siebenb\u00fcrgen-Landschaft-auf-Bergd\u00f6rfer-20.jpg' rel=\"lightbox[4586]\"><img loading=\"lazy\" decoding=\"async\" width=\"100\" height=\"100\" src=\"https:\/\/www.mountainguide.ro\/wp-content\/uploads\/2011\/05\/Wandern-in-Siebenb\u00fcrgen-Landschaft-auf-Bergd\u00f6rfer-20-100x100.jpg\" class=\"attachment-thumbnail size-thumbnail\" alt=\"\" \/><\/a>\n\t\t\t<\/dt><\/dl><dl class='gallery-item'>\n\t\t\t<dt class='gallery-icon landscape'>\n\t\t\t\t<a href='https:\/\/www.mountainguide.ro\/wp-content\/uploads\/2011\/05\/Wandern-in-Siebenb\u00fcrgen-Landschaft-auf-Bergd\u00f6rfer-21.jpg' rel=\"lightbox[4586]\"><img loading=\"lazy\" decoding=\"async\" width=\"100\" height=\"100\" src=\"https:\/\/www.mountainguide.ro\/wp-content\/uploads\/2011\/05\/Wandern-in-Siebenb\u00fcrgen-Landschaft-auf-Bergd\u00f6rfer-21-100x100.jpg\" class=\"attachment-thumbnail size-thumbnail\" alt=\"\" \/><\/a>\n\t\t\t<\/dt><\/dl><dl class='gallery-item'>\n\t\t\t<dt class='gallery-icon landscape'>\n\t\t\t\t<a href='https:\/\/www.mountainguide.ro\/wp-content\/uploads\/2011\/05\/Wandern-in-Siebenb\u00fcrgen-Landschaft-auf-Bergd\u00f6rfer-22.jpg' rel=\"lightbox[4586]\"><img loading=\"lazy\" decoding=\"async\" width=\"100\" height=\"100\" src=\"https:\/\/www.mountainguide.ro\/wp-content\/uploads\/2011\/05\/Wandern-in-Siebenb\u00fcrgen-Landschaft-auf-Bergd\u00f6rfer-22-100x100.jpg\" class=\"attachment-thumbnail size-thumbnail\" alt=\"\" \/><\/a>\n\t\t\t<\/dt><\/dl><dl class='gallery-item'>\n\t\t\t<dt class='gallery-icon landscape'>\n\t\t\t\t<a href='https:\/\/www.mountainguide.ro\/wp-content\/uploads\/2011\/05\/Wandern-in-Siebenb\u00fcrgen-Landschaft-auf-Bergd\u00f6rfer-23.jpg' rel=\"lightbox[4586]\"><img loading=\"lazy\" decoding=\"async\" width=\"100\" height=\"100\" src=\"https:\/\/www.mountainguide.ro\/wp-content\/uploads\/2011\/05\/Wandern-in-Siebenb\u00fcrgen-Landschaft-auf-Bergd\u00f6rfer-23-100x100.jpg\" class=\"attachment-thumbnail size-thumbnail\" alt=\"\" \/><\/a>\n\t\t\t<\/dt><\/dl><dl class='gallery-item'>\n\t\t\t<dt class='gallery-icon landscape'>\n\t\t\t\t<a href='https:\/\/www.mountainguide.ro\/wp-content\/uploads\/2011\/05\/Wandern-in-Siebenb\u00fcrgen-Landschaft-auf-Bergd\u00f6rfer-24.jpg' rel=\"lightbox[4586]\"><img loading=\"lazy\" decoding=\"async\" width=\"100\" height=\"100\" src=\"https:\/\/www.mountainguide.ro\/wp-content\/uploads\/2011\/05\/Wandern-in-Siebenb\u00fcrgen-Landschaft-auf-Bergd\u00f6rfer-24-100x100.jpg\" class=\"attachment-thumbnail size-thumbnail\" alt=\"\" \/><\/a>\n\t\t\t<\/dt><\/dl><br style=\"clear: both\" \/><dl class='gallery-item'>\n\t\t\t<dt class='gallery-icon landscape'>\n\t\t\t\t<a href='https:\/\/www.mountainguide.ro\/wp-content\/uploads\/2011\/05\/Wandern-in-Siebenb\u00fcrgen-Landschaft-auf-Bergd\u00f6rfer-25.jpg' rel=\"lightbox[4586]\"><img loading=\"lazy\" decoding=\"async\" width=\"100\" height=\"100\" src=\"https:\/\/www.mountainguide.ro\/wp-content\/uploads\/2011\/05\/Wandern-in-Siebenb\u00fcrgen-Landschaft-auf-Bergd\u00f6rfer-25-100x100.jpg\" class=\"attachment-thumbnail size-thumbnail\" alt=\"\" \/><\/a>\n\t\t\t<\/dt><\/dl><dl class='gallery-item'>\n\t\t\t<dt class='gallery-icon landscape'>\n\t\t\t\t<a href='https:\/\/www.mountainguide.ro\/wp-content\/uploads\/2011\/05\/Wandern-in-Siebenb\u00fcrgen-Landschaft-auf-Bergd\u00f6rfer-26.jpg' rel=\"lightbox[4586]\"><img loading=\"lazy\" decoding=\"async\" width=\"100\" height=\"100\" src=\"https:\/\/www.mountainguide.ro\/wp-content\/uploads\/2011\/05\/Wandern-in-Siebenb\u00fcrgen-Landschaft-auf-Bergd\u00f6rfer-26-100x100.jpg\" class=\"attachment-thumbnail size-thumbnail\" alt=\"\" \/><\/a>\n\t\t\t<\/dt><\/dl><dl class='gallery-item'>\n\t\t\t<dt class='gallery-icon landscape'>\n\t\t\t\t<a href='https:\/\/www.mountainguide.ro\/wp-content\/uploads\/2011\/05\/Wandern-in-Siebenb\u00fcrgen-Landschaft-auf-Bergd\u00f6rfer-27.jpg' rel=\"lightbox[4586]\"><img loading=\"lazy\" decoding=\"async\" width=\"100\" height=\"100\" src=\"https:\/\/www.mountainguide.ro\/wp-content\/uploads\/2011\/05\/Wandern-in-Siebenb\u00fcrgen-Landschaft-auf-Bergd\u00f6rfer-27-100x100.jpg\" class=\"attachment-thumbnail size-thumbnail\" alt=\"\" \/><\/a>\n\t\t\t<\/dt><\/dl><dl class='gallery-item'>\n\t\t\t<dt class='gallery-icon landscape'>\n\t\t\t\t<a href='https:\/\/www.mountainguide.ro\/wp-content\/uploads\/2011\/05\/Wandern-in-Siebenb\u00fcrgen-Landschaft-auf-Bergd\u00f6rfer-28.jpg' rel=\"lightbox[4586]\"><img loading=\"lazy\" decoding=\"async\" width=\"100\" height=\"100\" src=\"https:\/\/www.mountainguide.ro\/wp-content\/uploads\/2011\/05\/Wandern-in-Siebenb\u00fcrgen-Landschaft-auf-Bergd\u00f6rfer-28-100x100.jpg\" class=\"attachment-thumbnail size-thumbnail\" alt=\"\" \/><\/a>\n\t\t\t<\/dt><\/dl><dl class='gallery-item'>\n\t\t\t<dt class='gallery-icon landscape'>\n\t\t\t\t<a href='https:\/\/www.mountainguide.ro\/wp-content\/uploads\/2011\/05\/Wandern-in-Siebenb\u00fcrgen-Landschaft-auf-Bergd\u00f6rfer-29.jpg' rel=\"lightbox[4586]\"><img loading=\"lazy\" decoding=\"async\" width=\"100\" height=\"100\" src=\"https:\/\/www.mountainguide.ro\/wp-content\/uploads\/2011\/05\/Wandern-in-Siebenb\u00fcrgen-Landschaft-auf-Bergd\u00f6rfer-29-100x100.jpg\" class=\"attachment-thumbnail size-thumbnail\" alt=\"\" \/><\/a>\n\t\t\t<\/dt><\/dl><dl class='gallery-item'>\n\t\t\t<dt class='gallery-icon portrait'>\n\t\t\t\t<a href='https:\/\/www.mountainguide.ro\/wp-content\/uploads\/2011\/05\/Wandern-in-Siebenb\u00fcrgen-Landschaft-auf-Bergd\u00f6rfer-30.jpg' rel=\"lightbox[4586]\"><img loading=\"lazy\" decoding=\"async\" width=\"100\" height=\"100\" src=\"https:\/\/www.mountainguide.ro\/wp-content\/uploads\/2011\/05\/Wandern-in-Siebenb\u00fcrgen-Landschaft-auf-Bergd\u00f6rfer-30-100x100.jpg\" class=\"attachment-thumbnail size-thumbnail\" alt=\"\" \/><\/a>\n\t\t\t<\/dt><\/dl><br style=\"clear: both\" \/><dl class='gallery-item'>\n\t\t\t<dt class='gallery-icon portrait'>\n\t\t\t\t<a href='https:\/\/www.mountainguide.ro\/wp-content\/uploads\/2011\/05\/Wandern-in-Siebenb\u00fcrgen-Landschaft-auf-Bergd\u00f6rfer-31.jpg' rel=\"lightbox[4586]\"><img loading=\"lazy\" decoding=\"async\" width=\"100\" height=\"100\" src=\"https:\/\/www.mountainguide.ro\/wp-content\/uploads\/2011\/05\/Wandern-in-Siebenb\u00fcrgen-Landschaft-auf-Bergd\u00f6rfer-31-100x100.jpg\" class=\"attachment-thumbnail size-thumbnail\" alt=\"\" \/><\/a>\n\t\t\t<\/dt><\/dl><dl class='gallery-item'>\n\t\t\t<dt class='gallery-icon landscape'>\n\t\t\t\t<a href='https:\/\/www.mountainguide.ro\/wp-content\/uploads\/2011\/05\/Wandern-in-Siebenb\u00fcrgen-Landschaft-auf-Bergd\u00f6rfer-32.jpg' rel=\"lightbox[4586]\"><img loading=\"lazy\" decoding=\"async\" width=\"100\" height=\"100\" src=\"https:\/\/www.mountainguide.ro\/wp-content\/uploads\/2011\/05\/Wandern-in-Siebenb\u00fcrgen-Landschaft-auf-Bergd\u00f6rfer-32-100x100.jpg\" class=\"attachment-thumbnail size-thumbnail\" alt=\"\" \/><\/a>\n\t\t\t<\/dt><\/dl><dl class='gallery-item'>\n\t\t\t<dt class='gallery-icon portrait'>\n\t\t\t\t<a href='https:\/\/www.mountainguide.ro\/wp-content\/uploads\/2011\/05\/Wandern-in-Siebenb\u00fcrgen-Landschaft-auf-Bergd\u00f6rfer-33.jpg' rel=\"lightbox[4586]\"><img loading=\"lazy\" decoding=\"async\" width=\"100\" height=\"100\" src=\"https:\/\/www.mountainguide.ro\/wp-content\/uploads\/2011\/05\/Wandern-in-Siebenb\u00fcrgen-Landschaft-auf-Bergd\u00f6rfer-33-100x100.jpg\" class=\"attachment-thumbnail size-thumbnail\" alt=\"\" \/><\/a>\n\t\t\t<\/dt><\/dl><dl class='gallery-item'>\n\t\t\t<dt class='gallery-icon landscape'>\n\t\t\t\t<a href='https:\/\/www.mountainguide.ro\/wp-content\/uploads\/2011\/05\/Wandern-in-Siebenb\u00fcrgen-Landschaft-auf-Bergd\u00f6rfer-36.jpg' rel=\"lightbox[4586]\"><img loading=\"lazy\" decoding=\"async\" width=\"100\" height=\"100\" src=\"https:\/\/www.mountainguide.ro\/wp-content\/uploads\/2011\/05\/Wandern-in-Siebenb\u00fcrgen-Landschaft-auf-Bergd\u00f6rfer-36-100x100.jpg\" class=\"attachment-thumbnail size-thumbnail\" alt=\"\" \/><\/a>\n\t\t\t<\/dt><\/dl><dl class='gallery-item'>\n\t\t\t<dt class='gallery-icon portrait'>\n\t\t\t\t<a href='https:\/\/www.mountainguide.ro\/wp-content\/uploads\/2011\/05\/Wandern-in-Siebenb\u00fcrgen-Landschaft-auf-Bergd\u00f6rfer-38.jpg' rel=\"lightbox[4586]\"><img loading=\"lazy\" decoding=\"async\" width=\"100\" height=\"100\" src=\"https:\/\/www.mountainguide.ro\/wp-content\/uploads\/2011\/05\/Wandern-in-Siebenb\u00fcrgen-Landschaft-auf-Bergd\u00f6rfer-38-100x100.jpg\" class=\"attachment-thumbnail size-thumbnail\" alt=\"\" \/><\/a>\n\t\t\t<\/dt><\/dl><dl class='gallery-item'>\n\t\t\t<dt class='gallery-icon portrait'>\n\t\t\t\t<a href='https:\/\/www.mountainguide.ro\/wp-content\/uploads\/2011\/05\/Wandern-in-Siebenb\u00fcrgen-Landschaft-auf-Bergd\u00f6rfer-41.jpg' rel=\"lightbox[4586]\"><img loading=\"lazy\" decoding=\"async\" width=\"100\" height=\"100\" src=\"https:\/\/www.mountainguide.ro\/wp-content\/uploads\/2011\/05\/Wandern-in-Siebenb\u00fcrgen-Landschaft-auf-Bergd\u00f6rfer-41-100x100.jpg\" class=\"attachment-thumbnail size-thumbnail\" alt=\"\" \/><\/a>\n\t\t\t<\/dt><\/dl><br style=\"clear: both\" \/><dl class='gallery-item'>\n\t\t\t<dt class='gallery-icon portrait'>\n\t\t\t\t<a href='https:\/\/www.mountainguide.ro\/wp-content\/uploads\/2011\/05\/Wandern-in-Siebenb\u00fcrgen-Landschaft-auf-Bergd\u00f6rfer-42.jpg' rel=\"lightbox[4586]\"><img loading=\"lazy\" decoding=\"async\" width=\"100\" height=\"100\" src=\"https:\/\/www.mountainguide.ro\/wp-content\/uploads\/2011\/05\/Wandern-in-Siebenb\u00fcrgen-Landschaft-auf-Bergd\u00f6rfer-42-100x100.jpg\" class=\"attachment-thumbnail size-thumbnail\" alt=\"\" \/><\/a>\n\t\t\t<\/dt><\/dl><dl class='gallery-item'>\n\t\t\t<dt class='gallery-icon landscape'>\n\t\t\t\t<a href='https:\/\/www.mountainguide.ro\/wp-content\/uploads\/2011\/05\/Wandern-in-Siebenb\u00fcrgen-Landschaft-auf-Bergd\u00f6rfer-43.jpg' rel=\"lightbox[4586]\"><img loading=\"lazy\" decoding=\"async\" width=\"100\" height=\"100\" src=\"https:\/\/www.mountainguide.ro\/wp-content\/uploads\/2011\/05\/Wandern-in-Siebenb\u00fcrgen-Landschaft-auf-Bergd\u00f6rfer-43-100x100.jpg\" class=\"attachment-thumbnail size-thumbnail\" alt=\"\" \/><\/a>\n\t\t\t<\/dt><\/dl><dl class='gallery-item'>\n\t\t\t<dt class='gallery-icon portrait'>\n\t\t\t\t<a href='https:\/\/www.mountainguide.ro\/wp-content\/uploads\/2011\/05\/Wandern-in-Siebenb\u00fcrgen-Landschaft-auf-Bergd\u00f6rfer-44.jpg' rel=\"lightbox[4586]\"><img loading=\"lazy\" decoding=\"async\" width=\"100\" height=\"100\" src=\"https:\/\/www.mountainguide.ro\/wp-content\/uploads\/2011\/05\/Wandern-in-Siebenb\u00fcrgen-Landschaft-auf-Bergd\u00f6rfer-44-100x100.jpg\" class=\"attachment-thumbnail size-thumbnail\" alt=\"\" \/><\/a>\n\t\t\t<\/dt><\/dl><dl class='gallery-item'>\n\t\t\t<dt class='gallery-icon landscape'>\n\t\t\t\t<a href='https:\/\/www.mountainguide.ro\/wp-content\/uploads\/2011\/05\/Wandern-in-Siebenb\u00fcrgen-Landschaft-auf-Bergd\u00f6rfer-45.jpg' rel=\"lightbox[4586]\"><img loading=\"lazy\" decoding=\"async\" width=\"100\" height=\"100\" src=\"https:\/\/www.mountainguide.ro\/wp-content\/uploads\/2011\/05\/Wandern-in-Siebenb\u00fcrgen-Landschaft-auf-Bergd\u00f6rfer-45-100x100.jpg\" class=\"attachment-thumbnail size-thumbnail\" alt=\"\" \/><\/a>\n\t\t\t<\/dt><\/dl><dl class='gallery-item'>\n\t\t\t<dt class='gallery-icon landscape'>\n\t\t\t\t<a href='https:\/\/www.mountainguide.ro\/wp-content\/uploads\/2011\/05\/Wandern-in-Siebenb\u00fcrgen-Landschaft-auf-Bergd\u00f6rfer-46.jpg' rel=\"lightbox[4586]\"><img loading=\"lazy\" decoding=\"async\" width=\"100\" height=\"100\" src=\"https:\/\/www.mountainguide.ro\/wp-content\/uploads\/2011\/05\/Wandern-in-Siebenb\u00fcrgen-Landschaft-auf-Bergd\u00f6rfer-46-100x100.jpg\" class=\"attachment-thumbnail size-thumbnail\" alt=\"\" \/><\/a>\n\t\t\t<\/dt><\/dl><dl class='gallery-item'>\n\t\t\t<dt class='gallery-icon portrait'>\n\t\t\t\t<a href='https:\/\/www.mountainguide.ro\/wp-content\/uploads\/2011\/05\/Wandern-in-Siebenb\u00fcrgen-Landschaft-auf-Bergd\u00f6rfer-47.jpg' rel=\"lightbox[4586]\"><img loading=\"lazy\" decoding=\"async\" width=\"100\" height=\"100\" src=\"https:\/\/www.mountainguide.ro\/wp-content\/uploads\/2011\/05\/Wandern-in-Siebenb\u00fcrgen-Landschaft-auf-Bergd\u00f6rfer-47-100x100.jpg\" class=\"attachment-thumbnail size-thumbnail\" alt=\"\" \/><\/a>\n\t\t\t<\/dt><\/dl><br style=\"clear: both\" \/><dl class='gallery-item'>\n\t\t\t<dt class='gallery-icon landscape'>\n\t\t\t\t<a href='https:\/\/www.mountainguide.ro\/wp-content\/uploads\/2011\/05\/Wandern-in-Siebenb\u00fcrgen-Landschaft-auf-Bergd\u00f6rfer-48.jpg' rel=\"lightbox[4586]\"><img loading=\"lazy\" decoding=\"async\" width=\"100\" height=\"100\" src=\"https:\/\/www.mountainguide.ro\/wp-content\/uploads\/2011\/05\/Wandern-in-Siebenb\u00fcrgen-Landschaft-auf-Bergd\u00f6rfer-48-100x100.jpg\" class=\"attachment-thumbnail size-thumbnail\" alt=\"\" \/><\/a>\n\t\t\t<\/dt><\/dl><dl class='gallery-item'>\n\t\t\t<dt class='gallery-icon landscape'>\n\t\t\t\t<a href='https:\/\/www.mountainguide.ro\/wp-content\/uploads\/2011\/05\/Wandern-in-Siebenb\u00fcrgen-Landschaft-auf-Bergd\u00f6rfer-49.jpg' rel=\"lightbox[4586]\"><img loading=\"lazy\" decoding=\"async\" width=\"100\" height=\"100\" src=\"https:\/\/www.mountainguide.ro\/wp-content\/uploads\/2011\/05\/Wandern-in-Siebenb\u00fcrgen-Landschaft-auf-Bergd\u00f6rfer-49-100x100.jpg\" class=\"attachment-thumbnail size-thumbnail\" alt=\"\" \/><\/a>\n\t\t\t<\/dt><\/dl><dl class='gallery-item'>\n\t\t\t<dt class='gallery-icon portrait'>\n\t\t\t\t<a href='https:\/\/www.mountainguide.ro\/wp-content\/uploads\/2011\/05\/Wandern-in-Siebenb\u00fcrgen-Landschaft-auf-Bergd\u00f6rfer-51.jpg' rel=\"lightbox[4586]\"><img loading=\"lazy\" decoding=\"async\" width=\"100\" height=\"100\" src=\"https:\/\/www.mountainguide.ro\/wp-content\/uploads\/2011\/05\/Wandern-in-Siebenb\u00fcrgen-Landschaft-auf-Bergd\u00f6rfer-51-100x100.jpg\" class=\"attachment-thumbnail size-thumbnail\" alt=\"\" \/><\/a>\n\t\t\t<\/dt><\/dl><dl class='gallery-item'>\n\t\t\t<dt class='gallery-icon landscape'>\n\t\t\t\t<a href='https:\/\/www.mountainguide.ro\/wp-content\/uploads\/2011\/05\/Wandern-in-Siebenb\u00fcrgen-Landschaft-auf-Bergd\u00f6rfer-52.jpg' rel=\"lightbox[4586]\"><img loading=\"lazy\" decoding=\"async\" width=\"100\" height=\"100\" src=\"https:\/\/www.mountainguide.ro\/wp-content\/uploads\/2011\/05\/Wandern-in-Siebenb\u00fcrgen-Landschaft-auf-Bergd\u00f6rfer-52-100x100.jpg\" class=\"attachment-thumbnail size-thumbnail\" alt=\"\" \/><\/a>\n\t\t\t<\/dt><\/dl><dl class='gallery-item'>\n\t\t\t<dt class='gallery-icon landscape'>\n\t\t\t\t<a href='https:\/\/www.mountainguide.ro\/wp-content\/uploads\/2011\/05\/Wandern-in-Siebenb\u00fcrgen-Landschaft-auf-Bergd\u00f6rfer-53.jpg' rel=\"lightbox[4586]\"><img loading=\"lazy\" decoding=\"async\" width=\"100\" height=\"100\" src=\"https:\/\/www.mountainguide.ro\/wp-content\/uploads\/2011\/05\/Wandern-in-Siebenb\u00fcrgen-Landschaft-auf-Bergd\u00f6rfer-53-100x100.jpg\" class=\"attachment-thumbnail size-thumbnail\" alt=\"\" \/><\/a>\n\t\t\t<\/dt><\/dl>\n\t\t\t<br style='clear: both' \/>\n\t\t<\/div>\n\n","protected":false},"excerpt":{"rendered":"<p>Greetings, to be very honest my knowledge\u00a0 about German language are not so great, I mean I can say that I speak some German, as basic conversation, but unfortunately for the moment I&#8217;m not able to lead a Walking &amp; culture (Wandern und Kultur) tour on our nice mountain villages, but I think that I&#8230;  <a class=\"excerpt-read-more\" href=\"https:\/\/www.mountainguide.ro\/de\/wandern-in-rumanien-wandern-in-siebenburgen-bergdorfer\/\" title=\"Read Wandern in Rum\u00e4nien, Wandern in Siebenb\u00fcrgen Bergd\u00f6rfer\">Weiter &raquo;<\/a><\/p>\n","protected":false},"author":3,"featured_media":4587,"comment_status":"closed","ping_status":"closed","sticky":false,"template":"","format":"standard","meta":{"footnotes":""},"categories":[1,567],"tags":[60,41,66,62,65,64,50,63,19,61],"class_list":["post-4586","post","type-post","status-publish","format-standard","has-post-thumbnail","hentry","category-latest-tours","category-trail","tag-canon-5d","tag-canon-5d-mk-ii","tag-cheese","tag-germans","tag-milking-cow","tag-mountain-village","tag-siebenburgen","tag-tour","tag-walking","tag-wandern"],"yoast_head":"<!-- This site is optimized with the Yoast SEO plugin v27.5 - https:\/\/yoast.com\/product\/yoast-seo-wordpress\/ -->\n<title>Wandern in Rum\u00e4nien, Wandern in Siebenb\u00fcrgen Bergd\u00f6rfer<\/title>\n<meta name=\"robots\" content=\"index, follow, max-snippet:-1, max-image-preview:large, max-video-preview:-1\" \/>\n<link rel=\"canonical\" href=\"https:\/\/www.mountainguide.ro\/de\/?p=4586\" \/>\n<meta property=\"og:locale\" content=\"de_DE\" \/>\n<meta property=\"og:type\" content=\"article\" \/>\n<meta property=\"og:title\" content=\"Wandern in Rum\u00e4nien, Wandern in Siebenb\u00fcrgen Bergd\u00f6rfer\" \/>\n<meta property=\"og:description\" content=\"Greetings, to be very honest my knowledge\u00a0 about German language are not so great, I mean I can say that I speak some German, as basic conversation, but unfortunately for the moment I&#8217;m not able to lead a Walking &amp; culture (Wandern und Kultur) tour on our nice mountain villages, but I think that I... Weiter &raquo;\" \/>\n<meta property=\"og:url\" content=\"http:\/\/www.mountainguide.ro\/de\/?p=4586\" \/>\n<meta property=\"og:site_name\" content=\"Bergf\u00fchrer f\u00fcr Bergtouren in den rum\u00e4nischen Bergen\" \/>\n<meta property=\"article:publisher\" content=\"https:\/\/www.facebook.com\/mountainguide.ro\/\" \/>\n<meta property=\"article:published_time\" content=\"2011-05-22T13:05:54+00:00\" \/>\n<meta property=\"article:modified_time\" content=\"2025-01-21T13:35:04+00:00\" \/>\n<meta property=\"og:image\" content=\"https:\/\/www.mountainguide.ro\/wp-content\/uploads\/2011\/05\/cover2.jpg\" \/>\n\t<meta property=\"og:image:width\" content=\"630\" \/>\n\t<meta property=\"og:image:height\" content=\"421\" \/>\n\t<meta property=\"og:image:type\" content=\"image\/jpeg\" \/>\n<meta name=\"author\" content=\"Iulian Cozma\" \/>\n<meta name=\"twitter:card\" content=\"summary_large_image\" \/>\n<meta name=\"twitter:label1\" content=\"Verfasst von\" \/>\n\t<meta name=\"twitter:data1\" content=\"Iulian Cozma\" \/>\n\t<meta name=\"twitter:label2\" content=\"Gesch\u00e4tzte Lesezeit\" \/>\n\t<meta name=\"twitter:data2\" content=\"3\u00a0Minuten\" \/>\n<script type=\"application\/ld+json\" class=\"yoast-schema-graph\">{\"@context\":\"https:\\\/\\\/schema.org\",\"@graph\":[{\"@type\":\"Article\",\"@id\":\"https:\\\/\\\/www.mountainguide.ro\\\/en\\\/?p=4586#article\",\"isPartOf\":{\"@id\":\"https:\\\/\\\/www.mountainguide.ro\\\/en\\\/?p=4586\"},\"author\":{\"name\":\"Iulian Cozma\",\"@id\":\"https:\\\/\\\/www.mountainguide.ro\\\/en\\\/#\\\/schema\\\/person\\\/18a7fc93eec8ec6c3ddbc26bbe2ad443\"},\"headline\":\"Wandern in Rum\u00e4nien, Wandern in Siebenb\u00fcrgen Bergd\u00f6rfer\",\"datePublished\":\"2011-05-22T13:05:54+00:00\",\"dateModified\":\"2025-01-21T13:35:04+00:00\",\"mainEntityOfPage\":{\"@id\":\"https:\\\/\\\/www.mountainguide.ro\\\/en\\\/?p=4586\"},\"wordCount\":513,\"image\":{\"@id\":\"https:\\\/\\\/www.mountainguide.ro\\\/en\\\/?p=4586#primaryimage\"},\"thumbnailUrl\":\"https:\\\/\\\/www.mountainguide.ro\\\/wp-content\\\/uploads\\\/2011\\\/05\\\/cover2.jpg\",\"keywords\":[\"canon 5d\",\"canon 5d mk ii\",\"cheese\",\"germans\",\"milking cow\",\"mountain village\",\"Siebenb\u00fcrgen\",\"tour\",\"walking\",\"wandern\"],\"articleSection\":[\"Latest tours\",\"trail\"],\"inLanguage\":\"de\"},{\"@type\":\"WebPage\",\"@id\":\"https:\\\/\\\/www.mountainguide.ro\\\/de\\\/?p=4586\",\"url\":\"https:\\\/\\\/www.mountainguide.ro\\\/de\\\/?p=4586\",\"name\":\"Wandern in Rum\u00e4nien, Wandern in Siebenb\u00fcrgen Bergd\u00f6rfer\",\"isPartOf\":{\"@id\":\"https:\\\/\\\/www.mountainguide.ro\\\/de\\\/#website\"},\"primaryImageOfPage\":{\"@id\":\"https:\\\/\\\/www.mountainguide.ro\\\/de\\\/?p=4586#primaryimage\"},\"image\":{\"@id\":\"https:\\\/\\\/www.mountainguide.ro\\\/en\\\/?p=4586#primaryimage\"},\"thumbnailUrl\":\"https:\\\/\\\/www.mountainguide.ro\\\/wp-content\\\/uploads\\\/2011\\\/05\\\/cover2.jpg\",\"datePublished\":\"2011-05-22T13:05:54+00:00\",\"dateModified\":\"2025-01-21T13:35:04+00:00\",\"author\":{\"@id\":\"https:\\\/\\\/www.mountainguide.ro\\\/en\\\/#\\\/schema\\\/person\\\/18a7fc93eec8ec6c3ddbc26bbe2ad443\"},\"breadcrumb\":{\"@id\":\"https:\\\/\\\/www.mountainguide.ro\\\/de\\\/?p=4586#breadcrumb\"},\"inLanguage\":\"de\",\"potentialAction\":[{\"@type\":\"ReadAction\",\"target\":[[\"https:\\\/\\\/www.mountainguide.ro\\\/de\\\/?p=4586\"]]}]},{\"@type\":\"ImageObject\",\"inLanguage\":\"de\",\"@id\":\"https:\\\/\\\/www.mountainguide.ro\\\/de\\\/?p=4586#primaryimage\",\"url\":\"https:\\\/\\\/www.mountainguide.ro\\\/wp-content\\\/uploads\\\/2011\\\/05\\\/cover2.jpg\",\"contentUrl\":\"https:\\\/\\\/www.mountainguide.ro\\\/wp-content\\\/uploads\\\/2011\\\/05\\\/cover2.jpg\",\"width\":630,\"height\":421},{\"@type\":\"BreadcrumbList\",\"@id\":\"https:\\\/\\\/www.mountainguide.ro\\\/de\\\/?p=4586#breadcrumb\",\"itemListElement\":[{\"@type\":\"ListItem\",\"position\":1,\"name\":\"Home\",\"item\":\"https:\\\/\\\/www.mountainguide.ro\\\/de\\\/\"},{\"@type\":\"ListItem\",\"position\":2,\"name\":\"Wandern in Rum\u00e4nien, Wandern in Siebenb\u00fcrgen Bergd\u00f6rfer\"}]},{\"@type\":\"WebSite\",\"@id\":\"https:\\\/\\\/www.mountainguide.ro\\\/de\\\/#website\",\"url\":\"https:\\\/\\\/www.mountainguide.ro\\\/de\\\/\",\"name\":\"Bergf\u00fchrer f\u00fcr Bergtouren in den rum\u00e4nischen Bergen\",\"description\":\"Trekking, Wandern, Skitouren in Rum\u00e4nien\",\"potentialAction\":[{\"@type\":\"SearchAction\",\"target\":{\"@type\":\"EntryPoint\",\"urlTemplate\":\"https:\\\/\\\/www.mountainguide.ro\\\/de\\\/?s={search_term_string}\"},\"query-input\":{\"@type\":\"PropertyValueSpecification\",\"valueRequired\":true,\"valueName\":\"search_term_string\"}}],\"inLanguage\":\"de\"},{\"@type\":\"Person\",\"@id\":\"https:\\\/\\\/www.mountainguide.ro\\\/en\\\/#\\\/schema\\\/person\\\/18a7fc93eec8ec6c3ddbc26bbe2ad443\",\"name\":\"Iulian Cozma\",\"sameAs\":[\"http:\\\/\\\/www.mountainguide.ro\"],\"url\":\"https:\\\/\\\/www.mountainguide.ro\\\/de\\\/author\\\/iulica\\\/\"}]}<\/script>\n<!-- \/ Yoast SEO plugin. -->","yoast_head_json":{"title":"Wandern in Rum\u00e4nien, Wandern in Siebenb\u00fcrgen Bergd\u00f6rfer","robots":{"index":"index","follow":"follow","max-snippet":"max-snippet:-1","max-image-preview":"max-image-preview:large","max-video-preview":"max-video-preview:-1"},"canonical":"https:\/\/www.mountainguide.ro\/de\/?p=4586","og_locale":"de_DE","og_type":"article","og_title":"Wandern in Rum\u00e4nien, Wandern in Siebenb\u00fcrgen Bergd\u00f6rfer","og_description":"Greetings, to be very honest my knowledge\u00a0 about German language are not so great, I mean I can say that I speak some German, as basic conversation, but unfortunately for the moment I&#8217;m not able to lead a Walking &amp; culture (Wandern und Kultur) tour on our nice mountain villages, but I think that I... Weiter &raquo;","og_url":"http:\/\/www.mountainguide.ro\/de\/?p=4586","og_site_name":"Bergf\u00fchrer f\u00fcr Bergtouren in den rum\u00e4nischen Bergen","article_publisher":"https:\/\/www.facebook.com\/mountainguide.ro\/","article_published_time":"2011-05-22T13:05:54+00:00","article_modified_time":"2025-01-21T13:35:04+00:00","og_image":[{"width":630,"height":421,"url":"https:\/\/www.mountainguide.ro\/wp-content\/uploads\/2011\/05\/cover2.jpg","type":"image\/jpeg"}],"author":"Iulian Cozma","twitter_card":"summary_large_image","twitter_misc":{"Verfasst von":"Iulian Cozma","Gesch\u00e4tzte Lesezeit":"3\u00a0Minuten"},"schema":{"@context":"https:\/\/schema.org","@graph":[{"@type":"Article","@id":"https:\/\/www.mountainguide.ro\/en\/?p=4586#article","isPartOf":{"@id":"https:\/\/www.mountainguide.ro\/en\/?p=4586"},"author":{"name":"Iulian Cozma","@id":"https:\/\/www.mountainguide.ro\/en\/#\/schema\/person\/18a7fc93eec8ec6c3ddbc26bbe2ad443"},"headline":"Wandern in Rum\u00e4nien, Wandern in Siebenb\u00fcrgen Bergd\u00f6rfer","datePublished":"2011-05-22T13:05:54+00:00","dateModified":"2025-01-21T13:35:04+00:00","mainEntityOfPage":{"@id":"https:\/\/www.mountainguide.ro\/en\/?p=4586"},"wordCount":513,"image":{"@id":"https:\/\/www.mountainguide.ro\/en\/?p=4586#primaryimage"},"thumbnailUrl":"https:\/\/www.mountainguide.ro\/wp-content\/uploads\/2011\/05\/cover2.jpg","keywords":["canon 5d","canon 5d mk ii","cheese","germans","milking cow","mountain village","Siebenb\u00fcrgen","tour","walking","wandern"],"articleSection":["Latest tours","trail"],"inLanguage":"de"},{"@type":"WebPage","@id":"https:\/\/www.mountainguide.ro\/de\/?p=4586","url":"https:\/\/www.mountainguide.ro\/de\/?p=4586","name":"Wandern in Rum\u00e4nien, Wandern in Siebenb\u00fcrgen Bergd\u00f6rfer","isPartOf":{"@id":"https:\/\/www.mountainguide.ro\/de\/#website"},"primaryImageOfPage":{"@id":"https:\/\/www.mountainguide.ro\/de\/?p=4586#primaryimage"},"image":{"@id":"https:\/\/www.mountainguide.ro\/en\/?p=4586#primaryimage"},"thumbnailUrl":"https:\/\/www.mountainguide.ro\/wp-content\/uploads\/2011\/05\/cover2.jpg","datePublished":"2011-05-22T13:05:54+00:00","dateModified":"2025-01-21T13:35:04+00:00","author":{"@id":"https:\/\/www.mountainguide.ro\/en\/#\/schema\/person\/18a7fc93eec8ec6c3ddbc26bbe2ad443"},"breadcrumb":{"@id":"https:\/\/www.mountainguide.ro\/de\/?p=4586#breadcrumb"},"inLanguage":"de","potentialAction":[{"@type":"ReadAction","target":[["https:\/\/www.mountainguide.ro\/de\/?p=4586"]]}]},{"@type":"ImageObject","inLanguage":"de","@id":"https:\/\/www.mountainguide.ro\/de\/?p=4586#primaryimage","url":"https:\/\/www.mountainguide.ro\/wp-content\/uploads\/2011\/05\/cover2.jpg","contentUrl":"https:\/\/www.mountainguide.ro\/wp-content\/uploads\/2011\/05\/cover2.jpg","width":630,"height":421},{"@type":"BreadcrumbList","@id":"https:\/\/www.mountainguide.ro\/de\/?p=4586#breadcrumb","itemListElement":[{"@type":"ListItem","position":1,"name":"Home","item":"https:\/\/www.mountainguide.ro\/de\/"},{"@type":"ListItem","position":2,"name":"Wandern in Rum\u00e4nien, Wandern in Siebenb\u00fcrgen Bergd\u00f6rfer"}]},{"@type":"WebSite","@id":"https:\/\/www.mountainguide.ro\/de\/#website","url":"https:\/\/www.mountainguide.ro\/de\/","name":"Bergf\u00fchrer f\u00fcr Bergtouren in den rum\u00e4nischen Bergen","description":"Trekking, Wandern, Skitouren in Rum\u00e4nien","potentialAction":[{"@type":"SearchAction","target":{"@type":"EntryPoint","urlTemplate":"https:\/\/www.mountainguide.ro\/de\/?s={search_term_string}"},"query-input":{"@type":"PropertyValueSpecification","valueRequired":true,"valueName":"search_term_string"}}],"inLanguage":"de"},{"@type":"Person","@id":"https:\/\/www.mountainguide.ro\/en\/#\/schema\/person\/18a7fc93eec8ec6c3ddbc26bbe2ad443","name":"Iulian Cozma","sameAs":["http:\/\/www.mountainguide.ro"],"url":"https:\/\/www.mountainguide.ro\/de\/author\/iulica\/"}]}},"_links":{"self":[{"href":"https:\/\/www.mountainguide.ro\/de\/wp-json\/wp\/v2\/posts\/4586","targetHints":{"allow":["GET"]}}],"collection":[{"href":"https:\/\/www.mountainguide.ro\/de\/wp-json\/wp\/v2\/posts"}],"about":[{"href":"https:\/\/www.mountainguide.ro\/de\/wp-json\/wp\/v2\/types\/post"}],"author":[{"embeddable":true,"href":"https:\/\/www.mountainguide.ro\/de\/wp-json\/wp\/v2\/users\/3"}],"replies":[{"embeddable":true,"href":"https:\/\/www.mountainguide.ro\/de\/wp-json\/wp\/v2\/comments?post=4586"}],"version-history":[{"count":3,"href":"https:\/\/www.mountainguide.ro\/de\/wp-json\/wp\/v2\/posts\/4586\/revisions"}],"predecessor-version":[{"id":9709,"href":"https:\/\/www.mountainguide.ro\/de\/wp-json\/wp\/v2\/posts\/4586\/revisions\/9709"}],"wp:featuredmedia":[{"embeddable":true,"href":"https:\/\/www.mountainguide.ro\/de\/wp-json\/wp\/v2\/media\/4587"}],"wp:attachment":[{"href":"https:\/\/www.mountainguide.ro\/de\/wp-json\/wp\/v2\/media?parent=4586"}],"wp:term":[{"taxonomy":"category","embeddable":true,"href":"https:\/\/www.mountainguide.ro\/de\/wp-json\/wp\/v2\/categories?post=4586"},{"taxonomy":"post_tag","embeddable":true,"href":"https:\/\/www.mountainguide.ro\/de\/wp-json\/wp\/v2\/tags?post=4586"}],"curies":[{"name":"wp","href":"https:\/\/api.w.org\/{rel}","templated":true}]}}