{"id":10163,"date":"2014-01-15T17:07:35","date_gmt":"2014-01-15T15:07:35","guid":{"rendered":"http:\/\/www.mountainguide.ro\/?p=10163"},"modified":"2025-01-21T15:34:50","modified_gmt":"2025-01-21T13:34:50","slug":"wandertour-wandern-und-kultur-in-transsilvanien","status":"publish","type":"post","link":"https:\/\/www.mountainguide.ro\/de\/wandertour-wandern-und-kultur-in-transsilvanien\/","title":{"rendered":"Wandertour \u201eWandern und Kultur in Transsilvanien\u201c"},"content":{"rendered":"<p>Eine Woche wandern in Rum\u00e4nien? Das stellte uns bereits vor dem Hinflug vor viele Fragen. Aus dem verregneten Deutschland bef\u00fcrchteten wir zwei (Oliver und Annika), auch in Rum\u00e4nien auf schlechtes Wetter zu sto\u00dfen. M\u00fcssten wir evtl. im Regen wandern? Wie w\u00fcrden wir die Touren \u00fcberstehen als untrainierte Norddeutsche ohne Bergerfahrung? Und wie w\u00fcrde unser Guide sein? Immerhin sollten wir eine Woche gemeinsam verbringen. Doch bereits am Flughafen erwarteten uns die ersten zwei positive \u00dcberraschung in Form einer vom blauen Himmel strahlenden Sonne und unseres ebenso strahlenden, sympatischen und perfekt deutsch sprechenden Guides Mihai, der uns schon am Flughafen erwartete. Innerhalb von 10 Minuten war das Eis gebrochen und wir wussten, dass diese Woche perfekt werden und wir uns gut verstehen w\u00fcrden.<br \/>\nUnd die Woche wurde perfekt. Ein wunderbar ausgearbeitetes Programm aus Naturwanderung und Kultur und Geschichte erwartete uns. Und nachdem wir am zweiten Tag (nach einer Einf\u00fchrung von Mihai in die richtige Nutzung von Wanderst\u00f6cken ) die erste Wanderung und den ersten Aufstieg auf den immerhin 1.520 Meter hohen Gipfel des Clabucetul Taurului geschafft hatten und \u00fcber die beeindruckende Landschaft blickten, da stelleten wir erleichtert fest, dass unsere Kondition f\u00fcr diesen Urlaub reichen w\u00fcrde.<\/p>\n<p>Die rum\u00e4nische Landschaft mit ihrer Abwechslung und ihrer Sch\u00f6nheit beeindruckte uns sehr. Besonders die westliche Seite des Bucegi-Gebirges mit Cheia, Simon und dem Dorf Fundata bezauberte uns. Am tiefsten hat sich aber wohl unsere Wanderung in die Pension Casa Folea in unsere Erinnerung eingebrannt, in der wir eine Nacht verbrachten. Hier lernten wir unglaublich nette und sympatische Gastgeber kennen, die mit ihren hinrei\u00dfenden Hunden und Katzen in absoluter urspr\u00fcnglichkeit leben. Und nicht zu vergessen, mit dem besten Pfefferminztee, den wir jemals getrunken haben. Diesen Ort k\u00f6nnen wir nur jedem Rum\u00e4nien-Besucher empfehlen.<\/p>\n<p>Noch ein Wort zu unserem Guide Mihai, der uns eine Woche alle dummen Fragen beantwortet hat, der nie die Geduld verloren hat, wenn wir alle 20 Meter eine Foto-, Verschnauf- oder Geocashing-Pause brauchten und der an den letzten Tagen sogar unser Wasser trug, als die Kr\u00e4fte doch ein wenig nachliessen: Danke Mihai f\u00fcr den Spa\u00df den wir miteinander hatten, f\u00fcr deine Kompetenz und all die interssanten Informationen, die du uns \u00fcber das Land zu erz\u00e4hlen hattest und ein besonderer Dank an Dich als besten und ruhigsten Autofahrern, den wir in Rum\u00e4nien erleben durften. Du warst ein gro\u00dfer Faktor, dass dieser Urlaub zu einem absoluten Highlight wurde. Wir werden gerne wieder Dein sch\u00f6nes Land besuchen und hoffen, dass Du uns auch dann wieder als Guide und Freund zur Verf\u00fcgung stehen wirst. Wir kommen gerne wieder!<\/p>\n<p>La revedere!<\/p>\n<p><b>Annika und Olli, \u00a0Deutschland, August 2011 &#8211;\u00a0<\/b><a href=\"http:\/\/www.mountainguide.ro\/wandern-und-kultur-in-transsilvanien\/\"><b>photos here<\/b><\/a><\/p>\n","protected":false},"excerpt":{"rendered":"<p>Eine Woche wandern in Rum\u00e4nien? Das stellte uns bereits vor dem Hinflug vor viele Fragen. Aus dem verregneten Deutschland bef\u00fcrchteten wir zwei (Oliver und Annika), auch in Rum\u00e4nien auf schlechtes Wetter zu sto\u00dfen. M\u00fcssten wir evtl. im Regen wandern? Wie w\u00fcrden wir die Touren \u00fcberstehen als untrainierte Norddeutsche ohne Bergerfahrung? Und wie w\u00fcrde unser Guide&#8230;  <a class=\"excerpt-read-more\" href=\"https:\/\/www.mountainguide.ro\/de\/wandertour-wandern-und-kultur-in-transsilvanien\/\" title=\"Read Wandertour \u201eWandern und Kultur in Transsilvanien\u201c\">Weiter &raquo;<\/a><\/p>\n","protected":false},"author":3,"featured_media":0,"comment_status":"closed","ping_status":"closed","sticky":false,"template":"","format":"standard","meta":{"footnotes":""},"categories":[569],"tags":[],"class_list":["post-10163","post","type-post","status-publish","format-standard","hentry","category-trail-testimonials"],"yoast_head":"<!-- This site is optimized with the Yoast SEO plugin v27.5 - https:\/\/yoast.com\/product\/yoast-seo-wordpress\/ -->\n<title>Wandertour \u201eWandern und Kultur in Transsilvanien\u201c<\/title>\n<meta name=\"robots\" content=\"index, follow, max-snippet:-1, max-image-preview:large, max-video-preview:-1\" \/>\n<link rel=\"canonical\" href=\"https:\/\/www.mountainguide.ro\/de\/?p=10163\" \/>\n<meta property=\"og:locale\" content=\"de_DE\" \/>\n<meta property=\"og:type\" content=\"article\" \/>\n<meta property=\"og:title\" content=\"Wandertour \u201eWandern und Kultur in Transsilvanien\u201c\" \/>\n<meta property=\"og:description\" content=\"Eine Woche wandern in Rum\u00e4nien? Das stellte uns bereits vor dem Hinflug vor viele Fragen. Aus dem verregneten Deutschland bef\u00fcrchteten wir zwei (Oliver und Annika), auch in Rum\u00e4nien auf schlechtes Wetter zu sto\u00dfen. M\u00fcssten wir evtl. im Regen wandern? Wie w\u00fcrden wir die Touren \u00fcberstehen als untrainierte Norddeutsche ohne Bergerfahrung? Und wie w\u00fcrde unser Guide... Weiter &raquo;\" \/>\n<meta property=\"og:url\" content=\"http:\/\/www.mountainguide.ro\/de\/?p=10163\" \/>\n<meta property=\"og:site_name\" content=\"Bergf\u00fchrer f\u00fcr Bergtouren in den rum\u00e4nischen Bergen\" \/>\n<meta property=\"article:publisher\" content=\"https:\/\/www.facebook.com\/mountainguide.ro\/\" \/>\n<meta property=\"article:published_time\" content=\"2014-01-15T15:07:35+00:00\" \/>\n<meta property=\"article:modified_time\" content=\"2025-01-21T13:34:50+00:00\" \/>\n<meta name=\"author\" content=\"Iulian Cozma\" \/>\n<meta name=\"twitter:card\" content=\"summary_large_image\" \/>\n<meta name=\"twitter:label1\" content=\"Verfasst von\" \/>\n\t<meta name=\"twitter:data1\" content=\"Iulian Cozma\" \/>\n\t<meta name=\"twitter:label2\" content=\"Gesch\u00e4tzte Lesezeit\" \/>\n\t<meta name=\"twitter:data2\" content=\"2\u00a0Minuten\" \/>\n<script type=\"application\/ld+json\" class=\"yoast-schema-graph\">{\"@context\":\"https:\\\/\\\/schema.org\",\"@graph\":[{\"@type\":\"Article\",\"@id\":\"https:\\\/\\\/www.mountainguide.ro\\\/en\\\/?p=10163#article\",\"isPartOf\":{\"@id\":\"https:\\\/\\\/www.mountainguide.ro\\\/en\\\/?p=10163\"},\"author\":{\"name\":\"Iulian Cozma\",\"@id\":\"https:\\\/\\\/www.mountainguide.ro\\\/en\\\/#\\\/schema\\\/person\\\/18a7fc93eec8ec6c3ddbc26bbe2ad443\"},\"headline\":\"Wandertour \u201eWandern und Kultur in Transsilvanien\u201c\",\"datePublished\":\"2014-01-15T15:07:35+00:00\",\"dateModified\":\"2025-01-21T13:34:50+00:00\",\"mainEntityOfPage\":{\"@id\":\"https:\\\/\\\/www.mountainguide.ro\\\/en\\\/?p=10163\"},\"wordCount\":457,\"articleSection\":[\"Wandern referenzen, Erlebnistouren in Rum\u00e4nien\"],\"inLanguage\":\"de\"},{\"@type\":\"WebPage\",\"@id\":\"https:\\\/\\\/www.mountainguide.ro\\\/de\\\/?p=10163\",\"url\":\"https:\\\/\\\/www.mountainguide.ro\\\/de\\\/?p=10163\",\"name\":\"Wandertour \u201eWandern und Kultur in Transsilvanien\u201c\",\"isPartOf\":{\"@id\":\"https:\\\/\\\/www.mountainguide.ro\\\/de\\\/#website\"},\"datePublished\":\"2014-01-15T15:07:35+00:00\",\"dateModified\":\"2025-01-21T13:34:50+00:00\",\"author\":{\"@id\":\"https:\\\/\\\/www.mountainguide.ro\\\/en\\\/#\\\/schema\\\/person\\\/18a7fc93eec8ec6c3ddbc26bbe2ad443\"},\"breadcrumb\":{\"@id\":\"https:\\\/\\\/www.mountainguide.ro\\\/de\\\/?p=10163#breadcrumb\"},\"inLanguage\":\"de\",\"potentialAction\":[{\"@type\":\"ReadAction\",\"target\":[[\"https:\\\/\\\/www.mountainguide.ro\\\/de\\\/?p=10163\"]]}]},{\"@type\":\"BreadcrumbList\",\"@id\":\"https:\\\/\\\/www.mountainguide.ro\\\/de\\\/?p=10163#breadcrumb\",\"itemListElement\":[{\"@type\":\"ListItem\",\"position\":1,\"name\":\"Home\",\"item\":\"https:\\\/\\\/www.mountainguide.ro\\\/de\\\/\"},{\"@type\":\"ListItem\",\"position\":2,\"name\":\"Wandertour \u201eWandern und Kultur in Transsilvanien\u201c\"}]},{\"@type\":\"WebSite\",\"@id\":\"https:\\\/\\\/www.mountainguide.ro\\\/de\\\/#website\",\"url\":\"https:\\\/\\\/www.mountainguide.ro\\\/de\\\/\",\"name\":\"Bergf\u00fchrer f\u00fcr Bergtouren in den rum\u00e4nischen Bergen\",\"description\":\"Trekking, Wandern, Skitouren in Rum\u00e4nien\",\"potentialAction\":[{\"@type\":\"SearchAction\",\"target\":{\"@type\":\"EntryPoint\",\"urlTemplate\":\"https:\\\/\\\/www.mountainguide.ro\\\/de\\\/?s={search_term_string}\"},\"query-input\":{\"@type\":\"PropertyValueSpecification\",\"valueRequired\":true,\"valueName\":\"search_term_string\"}}],\"inLanguage\":\"de\"},{\"@type\":\"Person\",\"@id\":\"https:\\\/\\\/www.mountainguide.ro\\\/en\\\/#\\\/schema\\\/person\\\/18a7fc93eec8ec6c3ddbc26bbe2ad443\",\"name\":\"Iulian Cozma\",\"sameAs\":[\"http:\\\/\\\/www.mountainguide.ro\"],\"url\":\"https:\\\/\\\/www.mountainguide.ro\\\/de\\\/author\\\/iulica\\\/\"}]}<\/script>\n<!-- \/ Yoast SEO plugin. -->","yoast_head_json":{"title":"Wandertour \u201eWandern und Kultur in Transsilvanien\u201c","robots":{"index":"index","follow":"follow","max-snippet":"max-snippet:-1","max-image-preview":"max-image-preview:large","max-video-preview":"max-video-preview:-1"},"canonical":"https:\/\/www.mountainguide.ro\/de\/?p=10163","og_locale":"de_DE","og_type":"article","og_title":"Wandertour \u201eWandern und Kultur in Transsilvanien\u201c","og_description":"Eine Woche wandern in Rum\u00e4nien? Das stellte uns bereits vor dem Hinflug vor viele Fragen. Aus dem verregneten Deutschland bef\u00fcrchteten wir zwei (Oliver und Annika), auch in Rum\u00e4nien auf schlechtes Wetter zu sto\u00dfen. M\u00fcssten wir evtl. im Regen wandern? Wie w\u00fcrden wir die Touren \u00fcberstehen als untrainierte Norddeutsche ohne Bergerfahrung? Und wie w\u00fcrde unser Guide... Weiter &raquo;","og_url":"http:\/\/www.mountainguide.ro\/de\/?p=10163","og_site_name":"Bergf\u00fchrer f\u00fcr Bergtouren in den rum\u00e4nischen Bergen","article_publisher":"https:\/\/www.facebook.com\/mountainguide.ro\/","article_published_time":"2014-01-15T15:07:35+00:00","article_modified_time":"2025-01-21T13:34:50+00:00","author":"Iulian Cozma","twitter_card":"summary_large_image","twitter_misc":{"Verfasst von":"Iulian Cozma","Gesch\u00e4tzte Lesezeit":"2\u00a0Minuten"},"schema":{"@context":"https:\/\/schema.org","@graph":[{"@type":"Article","@id":"https:\/\/www.mountainguide.ro\/en\/?p=10163#article","isPartOf":{"@id":"https:\/\/www.mountainguide.ro\/en\/?p=10163"},"author":{"name":"Iulian Cozma","@id":"https:\/\/www.mountainguide.ro\/en\/#\/schema\/person\/18a7fc93eec8ec6c3ddbc26bbe2ad443"},"headline":"Wandertour \u201eWandern und Kultur in Transsilvanien\u201c","datePublished":"2014-01-15T15:07:35+00:00","dateModified":"2025-01-21T13:34:50+00:00","mainEntityOfPage":{"@id":"https:\/\/www.mountainguide.ro\/en\/?p=10163"},"wordCount":457,"articleSection":["Wandern referenzen, Erlebnistouren in Rum\u00e4nien"],"inLanguage":"de"},{"@type":"WebPage","@id":"https:\/\/www.mountainguide.ro\/de\/?p=10163","url":"https:\/\/www.mountainguide.ro\/de\/?p=10163","name":"Wandertour \u201eWandern und Kultur in Transsilvanien\u201c","isPartOf":{"@id":"https:\/\/www.mountainguide.ro\/de\/#website"},"datePublished":"2014-01-15T15:07:35+00:00","dateModified":"2025-01-21T13:34:50+00:00","author":{"@id":"https:\/\/www.mountainguide.ro\/en\/#\/schema\/person\/18a7fc93eec8ec6c3ddbc26bbe2ad443"},"breadcrumb":{"@id":"https:\/\/www.mountainguide.ro\/de\/?p=10163#breadcrumb"},"inLanguage":"de","potentialAction":[{"@type":"ReadAction","target":[["https:\/\/www.mountainguide.ro\/de\/?p=10163"]]}]},{"@type":"BreadcrumbList","@id":"https:\/\/www.mountainguide.ro\/de\/?p=10163#breadcrumb","itemListElement":[{"@type":"ListItem","position":1,"name":"Home","item":"https:\/\/www.mountainguide.ro\/de\/"},{"@type":"ListItem","position":2,"name":"Wandertour \u201eWandern und Kultur in Transsilvanien\u201c"}]},{"@type":"WebSite","@id":"https:\/\/www.mountainguide.ro\/de\/#website","url":"https:\/\/www.mountainguide.ro\/de\/","name":"Bergf\u00fchrer f\u00fcr Bergtouren in den rum\u00e4nischen Bergen","description":"Trekking, Wandern, Skitouren in Rum\u00e4nien","potentialAction":[{"@type":"SearchAction","target":{"@type":"EntryPoint","urlTemplate":"https:\/\/www.mountainguide.ro\/de\/?s={search_term_string}"},"query-input":{"@type":"PropertyValueSpecification","valueRequired":true,"valueName":"search_term_string"}}],"inLanguage":"de"},{"@type":"Person","@id":"https:\/\/www.mountainguide.ro\/en\/#\/schema\/person\/18a7fc93eec8ec6c3ddbc26bbe2ad443","name":"Iulian Cozma","sameAs":["http:\/\/www.mountainguide.ro"],"url":"https:\/\/www.mountainguide.ro\/de\/author\/iulica\/"}]}},"_links":{"self":[{"href":"https:\/\/www.mountainguide.ro\/de\/wp-json\/wp\/v2\/posts\/10163","targetHints":{"allow":["GET"]}}],"collection":[{"href":"https:\/\/www.mountainguide.ro\/de\/wp-json\/wp\/v2\/posts"}],"about":[{"href":"https:\/\/www.mountainguide.ro\/de\/wp-json\/wp\/v2\/types\/post"}],"author":[{"embeddable":true,"href":"https:\/\/www.mountainguide.ro\/de\/wp-json\/wp\/v2\/users\/3"}],"replies":[{"embeddable":true,"href":"https:\/\/www.mountainguide.ro\/de\/wp-json\/wp\/v2\/comments?post=10163"}],"version-history":[{"count":1,"href":"https:\/\/www.mountainguide.ro\/de\/wp-json\/wp\/v2\/posts\/10163\/revisions"}],"predecessor-version":[{"id":10164,"href":"https:\/\/www.mountainguide.ro\/de\/wp-json\/wp\/v2\/posts\/10163\/revisions\/10164"}],"wp:attachment":[{"href":"https:\/\/www.mountainguide.ro\/de\/wp-json\/wp\/v2\/media?parent=10163"}],"wp:term":[{"taxonomy":"category","embeddable":true,"href":"https:\/\/www.mountainguide.ro\/de\/wp-json\/wp\/v2\/categories?post=10163"},{"taxonomy":"post_tag","embeddable":true,"href":"https:\/\/www.mountainguide.ro\/de\/wp-json\/wp\/v2\/tags?post=10163"}],"curies":[{"name":"wp","href":"https:\/\/api.w.org\/{rel}","templated":true}]}}