{"id":10030,"date":"2014-01-15T16:39:33","date_gmt":"2014-01-15T14:39:33","guid":{"rendered":"http:\/\/www.mountainguide.ro\/?p=10030"},"modified":"2025-01-21T15:34:51","modified_gmt":"2025-01-21T13:34:51","slug":"bergwandern-in-fagaras-berge-23-29-august-2009-2","status":"publish","type":"post","link":"https:\/\/www.mountainguide.ro\/de\/bergwandern-in-fagaras-berge-23-29-august-2009-2\/","title":{"rendered":"Bergwandern in Fagaras Berge, 23-29 August 2009"},"content":{"rendered":"<p>Lieber Julian, welch Gl\u00fcck einen Guide zu finden, der professionell und zudem leidenschaftlich und motiviert seine Arbeit macht. Nicht nur, dass Du uns Deine fantastische Heimat gezeigt hast, auch Deine Hilfestellung vor, w\u00e4hrend und nach der Tour zeichnen Dich aus. Mit Deiner sympathischen und offenen Art hast Du Dich st\u00e4ndig bem\u00fcht, uns etwas Besonderes zu bieten. Danke f\u00fcr Alles. Ich werde bestimmt immer wieder mal auf Deiner Homepage vorbeischauen um mich an die sch\u00f6ne Zeit zur\u00fcckerinnern. Vielleicht sehen wir uns ja wieder. Dir und Deiner Familie alles Gute und liebe Gr\u00fc\u00dfe aus Berglen\/Deutschland.<\/p>\n<p><b>Peter Els\u00e4\u00dfer<\/b><\/p>\n","protected":false},"excerpt":{"rendered":"<p>Lieber Julian, welch Gl\u00fcck einen Guide zu finden, der professionell und zudem leidenschaftlich und motiviert seine Arbeit macht. Nicht nur, dass Du uns Deine fantastische Heimat gezeigt hast, auch Deine Hilfestellung vor, w\u00e4hrend und nach der Tour zeichnen Dich aus. Mit Deiner sympathischen und offenen Art hast Du Dich st\u00e4ndig bem\u00fcht, uns etwas Besonderes zu&#8230;  <a class=\"excerpt-read-more\" href=\"https:\/\/www.mountainguide.ro\/de\/bergwandern-in-fagaras-berge-23-29-august-2009-2\/\" title=\"Read Bergwandern in Fagaras Berge, 23-29 August 2009\">Weiter &raquo;<\/a><\/p>\n","protected":false},"author":3,"featured_media":0,"comment_status":"closed","ping_status":"closed","sticky":false,"template":"","format":"standard","meta":{"footnotes":""},"categories":[569],"tags":[],"class_list":["post-10030","post","type-post","status-publish","format-standard","hentry","category-trail-testimonials"],"yoast_head":"<!-- This site is optimized with the Yoast SEO plugin v27.5 - https:\/\/yoast.com\/product\/yoast-seo-wordpress\/ -->\n<title>Bergwandern in Fagaras Berge, 23-29 August 2009<\/title>\n<meta name=\"robots\" content=\"index, follow, max-snippet:-1, max-image-preview:large, max-video-preview:-1\" \/>\n<link rel=\"canonical\" href=\"https:\/\/www.mountainguide.ro\/de\/?p=10030\" \/>\n<meta property=\"og:locale\" content=\"de_DE\" \/>\n<meta property=\"og:type\" content=\"article\" \/>\n<meta property=\"og:title\" content=\"Bergwandern in Fagaras Berge, 23-29 August 2009\" \/>\n<meta property=\"og:description\" content=\"Lieber Julian, welch Gl\u00fcck einen Guide zu finden, der professionell und zudem leidenschaftlich und motiviert seine Arbeit macht. Nicht nur, dass Du uns Deine fantastische Heimat gezeigt hast, auch Deine Hilfestellung vor, w\u00e4hrend und nach der Tour zeichnen Dich aus. Mit Deiner sympathischen und offenen Art hast Du Dich st\u00e4ndig bem\u00fcht, uns etwas Besonderes zu... Weiter &raquo;\" \/>\n<meta property=\"og:url\" content=\"http:\/\/www.mountainguide.ro\/de\/?p=10030\" \/>\n<meta property=\"og:site_name\" content=\"Bergf\u00fchrer f\u00fcr Bergtouren in den rum\u00e4nischen Bergen\" \/>\n<meta property=\"article:publisher\" content=\"https:\/\/www.facebook.com\/mountainguide.ro\/\" \/>\n<meta property=\"article:published_time\" content=\"2014-01-15T14:39:33+00:00\" \/>\n<meta property=\"article:modified_time\" content=\"2025-01-21T13:34:51+00:00\" \/>\n<meta name=\"author\" content=\"Iulian Cozma\" \/>\n<meta name=\"twitter:card\" content=\"summary_large_image\" \/>\n<meta name=\"twitter:label1\" content=\"Verfasst von\" \/>\n\t<meta name=\"twitter:data1\" content=\"Iulian Cozma\" \/>\n\t<meta name=\"twitter:label2\" content=\"Gesch\u00e4tzte Lesezeit\" \/>\n\t<meta name=\"twitter:data2\" content=\"1\u00a0Minute\" \/>\n<script type=\"application\/ld+json\" class=\"yoast-schema-graph\">{\"@context\":\"https:\\\/\\\/schema.org\",\"@graph\":[{\"@type\":\"Article\",\"@id\":\"https:\\\/\\\/www.mountainguide.ro\\\/en\\\/?p=10030#article\",\"isPartOf\":{\"@id\":\"https:\\\/\\\/www.mountainguide.ro\\\/en\\\/?p=10030\"},\"author\":{\"name\":\"Iulian Cozma\",\"@id\":\"https:\\\/\\\/www.mountainguide.ro\\\/en\\\/#\\\/schema\\\/person\\\/18a7fc93eec8ec6c3ddbc26bbe2ad443\"},\"headline\":\"Bergwandern in Fagaras Berge, 23-29 August 2009\",\"datePublished\":\"2014-01-15T14:39:33+00:00\",\"dateModified\":\"2025-01-21T13:34:51+00:00\",\"mainEntityOfPage\":{\"@id\":\"https:\\\/\\\/www.mountainguide.ro\\\/en\\\/?p=10030\"},\"wordCount\":111,\"articleSection\":[\"Wandern referenzen, Erlebnistouren in Rum\u00e4nien\"],\"inLanguage\":\"de\"},{\"@type\":\"WebPage\",\"@id\":\"https:\\\/\\\/www.mountainguide.ro\\\/de\\\/?p=10030\",\"url\":\"https:\\\/\\\/www.mountainguide.ro\\\/de\\\/?p=10030\",\"name\":\"Bergwandern in Fagaras Berge, 23-29 August 2009\",\"isPartOf\":{\"@id\":\"https:\\\/\\\/www.mountainguide.ro\\\/de\\\/#website\"},\"datePublished\":\"2014-01-15T14:39:33+00:00\",\"dateModified\":\"2025-01-21T13:34:51+00:00\",\"author\":{\"@id\":\"https:\\\/\\\/www.mountainguide.ro\\\/en\\\/#\\\/schema\\\/person\\\/18a7fc93eec8ec6c3ddbc26bbe2ad443\"},\"breadcrumb\":{\"@id\":\"https:\\\/\\\/www.mountainguide.ro\\\/de\\\/?p=10030#breadcrumb\"},\"inLanguage\":\"de\",\"potentialAction\":[{\"@type\":\"ReadAction\",\"target\":[[\"https:\\\/\\\/www.mountainguide.ro\\\/de\\\/?p=10030\"]]}]},{\"@type\":\"BreadcrumbList\",\"@id\":\"https:\\\/\\\/www.mountainguide.ro\\\/de\\\/?p=10030#breadcrumb\",\"itemListElement\":[{\"@type\":\"ListItem\",\"position\":1,\"name\":\"Home\",\"item\":\"https:\\\/\\\/www.mountainguide.ro\\\/de\\\/\"},{\"@type\":\"ListItem\",\"position\":2,\"name\":\"Bergwandern in Fagaras Berge, 23-29 August 2009\"}]},{\"@type\":\"WebSite\",\"@id\":\"https:\\\/\\\/www.mountainguide.ro\\\/de\\\/#website\",\"url\":\"https:\\\/\\\/www.mountainguide.ro\\\/de\\\/\",\"name\":\"Bergf\u00fchrer f\u00fcr Bergtouren in den rum\u00e4nischen Bergen\",\"description\":\"Trekking, Wandern, Skitouren in Rum\u00e4nien\",\"potentialAction\":[{\"@type\":\"SearchAction\",\"target\":{\"@type\":\"EntryPoint\",\"urlTemplate\":\"https:\\\/\\\/www.mountainguide.ro\\\/de\\\/?s={search_term_string}\"},\"query-input\":{\"@type\":\"PropertyValueSpecification\",\"valueRequired\":true,\"valueName\":\"search_term_string\"}}],\"inLanguage\":\"de\"},{\"@type\":\"Person\",\"@id\":\"https:\\\/\\\/www.mountainguide.ro\\\/en\\\/#\\\/schema\\\/person\\\/18a7fc93eec8ec6c3ddbc26bbe2ad443\",\"name\":\"Iulian Cozma\",\"sameAs\":[\"http:\\\/\\\/www.mountainguide.ro\"],\"url\":\"https:\\\/\\\/www.mountainguide.ro\\\/de\\\/author\\\/iulica\\\/\"}]}<\/script>\n<!-- \/ Yoast SEO plugin. -->","yoast_head_json":{"title":"Bergwandern in Fagaras Berge, 23-29 August 2009","robots":{"index":"index","follow":"follow","max-snippet":"max-snippet:-1","max-image-preview":"max-image-preview:large","max-video-preview":"max-video-preview:-1"},"canonical":"https:\/\/www.mountainguide.ro\/de\/?p=10030","og_locale":"de_DE","og_type":"article","og_title":"Bergwandern in Fagaras Berge, 23-29 August 2009","og_description":"Lieber Julian, welch Gl\u00fcck einen Guide zu finden, der professionell und zudem leidenschaftlich und motiviert seine Arbeit macht. Nicht nur, dass Du uns Deine fantastische Heimat gezeigt hast, auch Deine Hilfestellung vor, w\u00e4hrend und nach der Tour zeichnen Dich aus. Mit Deiner sympathischen und offenen Art hast Du Dich st\u00e4ndig bem\u00fcht, uns etwas Besonderes zu... Weiter &raquo;","og_url":"http:\/\/www.mountainguide.ro\/de\/?p=10030","og_site_name":"Bergf\u00fchrer f\u00fcr Bergtouren in den rum\u00e4nischen Bergen","article_publisher":"https:\/\/www.facebook.com\/mountainguide.ro\/","article_published_time":"2014-01-15T14:39:33+00:00","article_modified_time":"2025-01-21T13:34:51+00:00","author":"Iulian Cozma","twitter_card":"summary_large_image","twitter_misc":{"Verfasst von":"Iulian Cozma","Gesch\u00e4tzte Lesezeit":"1\u00a0Minute"},"schema":{"@context":"https:\/\/schema.org","@graph":[{"@type":"Article","@id":"https:\/\/www.mountainguide.ro\/en\/?p=10030#article","isPartOf":{"@id":"https:\/\/www.mountainguide.ro\/en\/?p=10030"},"author":{"name":"Iulian Cozma","@id":"https:\/\/www.mountainguide.ro\/en\/#\/schema\/person\/18a7fc93eec8ec6c3ddbc26bbe2ad443"},"headline":"Bergwandern in Fagaras Berge, 23-29 August 2009","datePublished":"2014-01-15T14:39:33+00:00","dateModified":"2025-01-21T13:34:51+00:00","mainEntityOfPage":{"@id":"https:\/\/www.mountainguide.ro\/en\/?p=10030"},"wordCount":111,"articleSection":["Wandern referenzen, Erlebnistouren in Rum\u00e4nien"],"inLanguage":"de"},{"@type":"WebPage","@id":"https:\/\/www.mountainguide.ro\/de\/?p=10030","url":"https:\/\/www.mountainguide.ro\/de\/?p=10030","name":"Bergwandern in Fagaras Berge, 23-29 August 2009","isPartOf":{"@id":"https:\/\/www.mountainguide.ro\/de\/#website"},"datePublished":"2014-01-15T14:39:33+00:00","dateModified":"2025-01-21T13:34:51+00:00","author":{"@id":"https:\/\/www.mountainguide.ro\/en\/#\/schema\/person\/18a7fc93eec8ec6c3ddbc26bbe2ad443"},"breadcrumb":{"@id":"https:\/\/www.mountainguide.ro\/de\/?p=10030#breadcrumb"},"inLanguage":"de","potentialAction":[{"@type":"ReadAction","target":[["https:\/\/www.mountainguide.ro\/de\/?p=10030"]]}]},{"@type":"BreadcrumbList","@id":"https:\/\/www.mountainguide.ro\/de\/?p=10030#breadcrumb","itemListElement":[{"@type":"ListItem","position":1,"name":"Home","item":"https:\/\/www.mountainguide.ro\/de\/"},{"@type":"ListItem","position":2,"name":"Bergwandern in Fagaras Berge, 23-29 August 2009"}]},{"@type":"WebSite","@id":"https:\/\/www.mountainguide.ro\/de\/#website","url":"https:\/\/www.mountainguide.ro\/de\/","name":"Bergf\u00fchrer f\u00fcr Bergtouren in den rum\u00e4nischen Bergen","description":"Trekking, Wandern, Skitouren in Rum\u00e4nien","potentialAction":[{"@type":"SearchAction","target":{"@type":"EntryPoint","urlTemplate":"https:\/\/www.mountainguide.ro\/de\/?s={search_term_string}"},"query-input":{"@type":"PropertyValueSpecification","valueRequired":true,"valueName":"search_term_string"}}],"inLanguage":"de"},{"@type":"Person","@id":"https:\/\/www.mountainguide.ro\/en\/#\/schema\/person\/18a7fc93eec8ec6c3ddbc26bbe2ad443","name":"Iulian Cozma","sameAs":["http:\/\/www.mountainguide.ro"],"url":"https:\/\/www.mountainguide.ro\/de\/author\/iulica\/"}]}},"_links":{"self":[{"href":"https:\/\/www.mountainguide.ro\/de\/wp-json\/wp\/v2\/posts\/10030","targetHints":{"allow":["GET"]}}],"collection":[{"href":"https:\/\/www.mountainguide.ro\/de\/wp-json\/wp\/v2\/posts"}],"about":[{"href":"https:\/\/www.mountainguide.ro\/de\/wp-json\/wp\/v2\/types\/post"}],"author":[{"embeddable":true,"href":"https:\/\/www.mountainguide.ro\/de\/wp-json\/wp\/v2\/users\/3"}],"replies":[{"embeddable":true,"href":"https:\/\/www.mountainguide.ro\/de\/wp-json\/wp\/v2\/comments?post=10030"}],"version-history":[{"count":1,"href":"https:\/\/www.mountainguide.ro\/de\/wp-json\/wp\/v2\/posts\/10030\/revisions"}],"predecessor-version":[{"id":10031,"href":"https:\/\/www.mountainguide.ro\/de\/wp-json\/wp\/v2\/posts\/10030\/revisions\/10031"}],"wp:attachment":[{"href":"https:\/\/www.mountainguide.ro\/de\/wp-json\/wp\/v2\/media?parent=10030"}],"wp:term":[{"taxonomy":"category","embeddable":true,"href":"https:\/\/www.mountainguide.ro\/de\/wp-json\/wp\/v2\/categories?post=10030"},{"taxonomy":"post_tag","embeddable":true,"href":"https:\/\/www.mountainguide.ro\/de\/wp-json\/wp\/v2\/tags?post=10030"}],"curies":[{"name":"wp","href":"https:\/\/api.w.org\/{rel}","templated":true}]}}