{"id":10028,"date":"2014-01-15T16:39:01","date_gmt":"2014-01-15T14:39:01","guid":{"rendered":"http:\/\/www.mountainguide.ro\/?p=10028"},"modified":"2025-01-21T15:34:51","modified_gmt":"2025-01-21T13:34:51","slug":"bergwandern-in-fagaras-berge-23-29-august-2009","status":"publish","type":"post","link":"https:\/\/www.mountainguide.ro\/de\/bergwandern-in-fagaras-berge-23-29-august-2009\/","title":{"rendered":"Bergwandern in Fagaras Berge, 23-29 August 2009"},"content":{"rendered":"<p>This is his country. His mountains. You can feel it from the first moment. He knows everything: the people, the history, the current challenges and no doubt about it: every path and every stone in the mountains. Passionate and a perfectionistic. Having centered every single minute of our tailor-made tour around an exciting vacation adventure for us he brought us unexpected, surprising and overwhelming insights into yet undetected landscapes and people. Just by offering. Nothing forced, artificial. He managed to show us the normal life far off the touristic mainstream. He offered us a very special view into a young country on its way from the stiffness of comunism to modernism, a breathtaking landscape and an unforgettable hiking experience. If you plan to spend your holidays in Romania don\u2019t miss the opportunity to get to know Iulian. And if you wonder about the immediate feedback from him \u2013 no mountain too high to be online, no hiking trip too challenging to answer customer\u2019s e-mails within short. Simultanously 100% attention for the group. And he does all this without any fuss.<\/p>\n<p><b>Karin Krieg, Erlangen, Germany<\/b><\/p>\n","protected":false},"excerpt":{"rendered":"<p>This is his country. His mountains. You can feel it from the first moment. He knows everything: the people, the history, the current challenges and no doubt about it: every path and every stone in the mountains. Passionate and a perfectionistic. Having centered every single minute of our tailor-made tour around an exciting vacation adventure&#8230;  <a class=\"excerpt-read-more\" href=\"https:\/\/www.mountainguide.ro\/de\/bergwandern-in-fagaras-berge-23-29-august-2009\/\" title=\"Read Bergwandern in Fagaras Berge, 23-29 August 2009\">Weiter &raquo;<\/a><\/p>\n","protected":false},"author":3,"featured_media":0,"comment_status":"closed","ping_status":"closed","sticky":false,"template":"","format":"standard","meta":{"footnotes":""},"categories":[569],"tags":[],"class_list":["post-10028","post","type-post","status-publish","format-standard","hentry","category-trail-testimonials"],"yoast_head":"<!-- This site is optimized with the Yoast SEO plugin v27.5 - https:\/\/yoast.com\/product\/yoast-seo-wordpress\/ -->\n<title>Bergwandern in Fagaras Berge, 23-29 August 2009<\/title>\n<meta name=\"robots\" content=\"index, follow, max-snippet:-1, max-image-preview:large, max-video-preview:-1\" \/>\n<link rel=\"canonical\" href=\"https:\/\/www.mountainguide.ro\/de\/?p=10028\" \/>\n<meta property=\"og:locale\" content=\"de_DE\" \/>\n<meta property=\"og:type\" content=\"article\" \/>\n<meta property=\"og:title\" content=\"Bergwandern in Fagaras Berge, 23-29 August 2009\" \/>\n<meta property=\"og:description\" content=\"This is his country. His mountains. You can feel it from the first moment. He knows everything: the people, the history, the current challenges and no doubt about it: every path and every stone in the mountains. Passionate and a perfectionistic. Having centered every single minute of our tailor-made tour around an exciting vacation adventure... Weiter &raquo;\" \/>\n<meta property=\"og:url\" content=\"http:\/\/www.mountainguide.ro\/de\/?p=10028\" \/>\n<meta property=\"og:site_name\" content=\"Bergf\u00fchrer f\u00fcr Bergtouren in den rum\u00e4nischen Bergen\" \/>\n<meta property=\"article:publisher\" content=\"https:\/\/www.facebook.com\/mountainguide.ro\/\" \/>\n<meta property=\"article:published_time\" content=\"2014-01-15T14:39:01+00:00\" \/>\n<meta property=\"article:modified_time\" content=\"2025-01-21T13:34:51+00:00\" \/>\n<meta name=\"author\" content=\"Iulian Cozma\" \/>\n<meta name=\"twitter:card\" content=\"summary_large_image\" \/>\n<meta name=\"twitter:label1\" content=\"Verfasst von\" \/>\n\t<meta name=\"twitter:data1\" content=\"Iulian Cozma\" \/>\n\t<meta name=\"twitter:label2\" content=\"Gesch\u00e4tzte Lesezeit\" \/>\n\t<meta name=\"twitter:data2\" content=\"1\u00a0Minute\" \/>\n<script type=\"application\/ld+json\" class=\"yoast-schema-graph\">{\"@context\":\"https:\\\/\\\/schema.org\",\"@graph\":[{\"@type\":\"Article\",\"@id\":\"https:\\\/\\\/www.mountainguide.ro\\\/en\\\/?p=10028#article\",\"isPartOf\":{\"@id\":\"https:\\\/\\\/www.mountainguide.ro\\\/en\\\/?p=10028\"},\"author\":{\"name\":\"Iulian Cozma\",\"@id\":\"https:\\\/\\\/www.mountainguide.ro\\\/en\\\/#\\\/schema\\\/person\\\/18a7fc93eec8ec6c3ddbc26bbe2ad443\"},\"headline\":\"Bergwandern in Fagaras Berge, 23-29 August 2009\",\"datePublished\":\"2014-01-15T14:39:01+00:00\",\"dateModified\":\"2025-01-21T13:34:51+00:00\",\"mainEntityOfPage\":{\"@id\":\"https:\\\/\\\/www.mountainguide.ro\\\/en\\\/?p=10028\"},\"wordCount\":190,\"articleSection\":[\"Wandern referenzen, Erlebnistouren in Rum\u00e4nien\"],\"inLanguage\":\"de\"},{\"@type\":\"WebPage\",\"@id\":\"https:\\\/\\\/www.mountainguide.ro\\\/de\\\/?p=10028\",\"url\":\"https:\\\/\\\/www.mountainguide.ro\\\/de\\\/?p=10028\",\"name\":\"Bergwandern in Fagaras Berge, 23-29 August 2009\",\"isPartOf\":{\"@id\":\"https:\\\/\\\/www.mountainguide.ro\\\/de\\\/#website\"},\"datePublished\":\"2014-01-15T14:39:01+00:00\",\"dateModified\":\"2025-01-21T13:34:51+00:00\",\"author\":{\"@id\":\"https:\\\/\\\/www.mountainguide.ro\\\/en\\\/#\\\/schema\\\/person\\\/18a7fc93eec8ec6c3ddbc26bbe2ad443\"},\"breadcrumb\":{\"@id\":\"https:\\\/\\\/www.mountainguide.ro\\\/de\\\/?p=10028#breadcrumb\"},\"inLanguage\":\"de\",\"potentialAction\":[{\"@type\":\"ReadAction\",\"target\":[[\"https:\\\/\\\/www.mountainguide.ro\\\/de\\\/?p=10028\"]]}]},{\"@type\":\"BreadcrumbList\",\"@id\":\"https:\\\/\\\/www.mountainguide.ro\\\/de\\\/?p=10028#breadcrumb\",\"itemListElement\":[{\"@type\":\"ListItem\",\"position\":1,\"name\":\"Home\",\"item\":\"https:\\\/\\\/www.mountainguide.ro\\\/de\\\/\"},{\"@type\":\"ListItem\",\"position\":2,\"name\":\"Bergwandern in Fagaras Berge, 23-29 August 2009\"}]},{\"@type\":\"WebSite\",\"@id\":\"https:\\\/\\\/www.mountainguide.ro\\\/de\\\/#website\",\"url\":\"https:\\\/\\\/www.mountainguide.ro\\\/de\\\/\",\"name\":\"Bergf\u00fchrer f\u00fcr Bergtouren in den rum\u00e4nischen Bergen\",\"description\":\"Trekking, Wandern, Skitouren in Rum\u00e4nien\",\"potentialAction\":[{\"@type\":\"SearchAction\",\"target\":{\"@type\":\"EntryPoint\",\"urlTemplate\":\"https:\\\/\\\/www.mountainguide.ro\\\/de\\\/?s={search_term_string}\"},\"query-input\":{\"@type\":\"PropertyValueSpecification\",\"valueRequired\":true,\"valueName\":\"search_term_string\"}}],\"inLanguage\":\"de\"},{\"@type\":\"Person\",\"@id\":\"https:\\\/\\\/www.mountainguide.ro\\\/en\\\/#\\\/schema\\\/person\\\/18a7fc93eec8ec6c3ddbc26bbe2ad443\",\"name\":\"Iulian Cozma\",\"sameAs\":[\"http:\\\/\\\/www.mountainguide.ro\"],\"url\":\"https:\\\/\\\/www.mountainguide.ro\\\/de\\\/author\\\/iulica\\\/\"}]}<\/script>\n<!-- \/ Yoast SEO plugin. -->","yoast_head_json":{"title":"Bergwandern in Fagaras Berge, 23-29 August 2009","robots":{"index":"index","follow":"follow","max-snippet":"max-snippet:-1","max-image-preview":"max-image-preview:large","max-video-preview":"max-video-preview:-1"},"canonical":"https:\/\/www.mountainguide.ro\/de\/?p=10028","og_locale":"de_DE","og_type":"article","og_title":"Bergwandern in Fagaras Berge, 23-29 August 2009","og_description":"This is his country. His mountains. You can feel it from the first moment. He knows everything: the people, the history, the current challenges and no doubt about it: every path and every stone in the mountains. Passionate and a perfectionistic. Having centered every single minute of our tailor-made tour around an exciting vacation adventure... Weiter &raquo;","og_url":"http:\/\/www.mountainguide.ro\/de\/?p=10028","og_site_name":"Bergf\u00fchrer f\u00fcr Bergtouren in den rum\u00e4nischen Bergen","article_publisher":"https:\/\/www.facebook.com\/mountainguide.ro\/","article_published_time":"2014-01-15T14:39:01+00:00","article_modified_time":"2025-01-21T13:34:51+00:00","author":"Iulian Cozma","twitter_card":"summary_large_image","twitter_misc":{"Verfasst von":"Iulian Cozma","Gesch\u00e4tzte Lesezeit":"1\u00a0Minute"},"schema":{"@context":"https:\/\/schema.org","@graph":[{"@type":"Article","@id":"https:\/\/www.mountainguide.ro\/en\/?p=10028#article","isPartOf":{"@id":"https:\/\/www.mountainguide.ro\/en\/?p=10028"},"author":{"name":"Iulian Cozma","@id":"https:\/\/www.mountainguide.ro\/en\/#\/schema\/person\/18a7fc93eec8ec6c3ddbc26bbe2ad443"},"headline":"Bergwandern in Fagaras Berge, 23-29 August 2009","datePublished":"2014-01-15T14:39:01+00:00","dateModified":"2025-01-21T13:34:51+00:00","mainEntityOfPage":{"@id":"https:\/\/www.mountainguide.ro\/en\/?p=10028"},"wordCount":190,"articleSection":["Wandern referenzen, Erlebnistouren in Rum\u00e4nien"],"inLanguage":"de"},{"@type":"WebPage","@id":"https:\/\/www.mountainguide.ro\/de\/?p=10028","url":"https:\/\/www.mountainguide.ro\/de\/?p=10028","name":"Bergwandern in Fagaras Berge, 23-29 August 2009","isPartOf":{"@id":"https:\/\/www.mountainguide.ro\/de\/#website"},"datePublished":"2014-01-15T14:39:01+00:00","dateModified":"2025-01-21T13:34:51+00:00","author":{"@id":"https:\/\/www.mountainguide.ro\/en\/#\/schema\/person\/18a7fc93eec8ec6c3ddbc26bbe2ad443"},"breadcrumb":{"@id":"https:\/\/www.mountainguide.ro\/de\/?p=10028#breadcrumb"},"inLanguage":"de","potentialAction":[{"@type":"ReadAction","target":[["https:\/\/www.mountainguide.ro\/de\/?p=10028"]]}]},{"@type":"BreadcrumbList","@id":"https:\/\/www.mountainguide.ro\/de\/?p=10028#breadcrumb","itemListElement":[{"@type":"ListItem","position":1,"name":"Home","item":"https:\/\/www.mountainguide.ro\/de\/"},{"@type":"ListItem","position":2,"name":"Bergwandern in Fagaras Berge, 23-29 August 2009"}]},{"@type":"WebSite","@id":"https:\/\/www.mountainguide.ro\/de\/#website","url":"https:\/\/www.mountainguide.ro\/de\/","name":"Bergf\u00fchrer f\u00fcr Bergtouren in den rum\u00e4nischen Bergen","description":"Trekking, Wandern, Skitouren in Rum\u00e4nien","potentialAction":[{"@type":"SearchAction","target":{"@type":"EntryPoint","urlTemplate":"https:\/\/www.mountainguide.ro\/de\/?s={search_term_string}"},"query-input":{"@type":"PropertyValueSpecification","valueRequired":true,"valueName":"search_term_string"}}],"inLanguage":"de"},{"@type":"Person","@id":"https:\/\/www.mountainguide.ro\/en\/#\/schema\/person\/18a7fc93eec8ec6c3ddbc26bbe2ad443","name":"Iulian Cozma","sameAs":["http:\/\/www.mountainguide.ro"],"url":"https:\/\/www.mountainguide.ro\/de\/author\/iulica\/"}]}},"_links":{"self":[{"href":"https:\/\/www.mountainguide.ro\/de\/wp-json\/wp\/v2\/posts\/10028","targetHints":{"allow":["GET"]}}],"collection":[{"href":"https:\/\/www.mountainguide.ro\/de\/wp-json\/wp\/v2\/posts"}],"about":[{"href":"https:\/\/www.mountainguide.ro\/de\/wp-json\/wp\/v2\/types\/post"}],"author":[{"embeddable":true,"href":"https:\/\/www.mountainguide.ro\/de\/wp-json\/wp\/v2\/users\/3"}],"replies":[{"embeddable":true,"href":"https:\/\/www.mountainguide.ro\/de\/wp-json\/wp\/v2\/comments?post=10028"}],"version-history":[{"count":1,"href":"https:\/\/www.mountainguide.ro\/de\/wp-json\/wp\/v2\/posts\/10028\/revisions"}],"predecessor-version":[{"id":10029,"href":"https:\/\/www.mountainguide.ro\/de\/wp-json\/wp\/v2\/posts\/10028\/revisions\/10029"}],"wp:attachment":[{"href":"https:\/\/www.mountainguide.ro\/de\/wp-json\/wp\/v2\/media?parent=10028"}],"wp:term":[{"taxonomy":"category","embeddable":true,"href":"https:\/\/www.mountainguide.ro\/de\/wp-json\/wp\/v2\/categories?post=10028"},{"taxonomy":"post_tag","embeddable":true,"href":"https:\/\/www.mountainguide.ro\/de\/wp-json\/wp\/v2\/tags?post=10028"}],"curies":[{"name":"wp","href":"https:\/\/api.w.org\/{rel}","templated":true}]}}